{"id":67783,"date":"2023-03-21T11:01:49","date_gmt":"2023-03-21T17:01:49","guid":{"rendered":"http:\/\/globalnewsmexico.com\/sitio\/?p=67783"},"modified":"2023-03-21T11:01:53","modified_gmt":"2023-03-21T17:01:53","slug":"consejo-consultivo-del-inai-pide-a-jueza-ordenar-al-senado-que-nombre-nuevos-comisionados-del-organismo","status":"publish","type":"post","link":"https:\/\/globalnewsmexico.com\/sitio\/consejo-consultivo-del-inai-pide-a-jueza-ordenar-al-senado-que-nombre-nuevos-comisionados-del-organismo\/","title":{"rendered":"Consejo consultivo del INAI pide a jueza ordenar al Senado que nombre nuevos comisionados del organismo"},"content":{"rendered":"\n<p>El\u00a0Consejo Consultivo\u00a0del Instituto Nacional de Transparencia y Acceso a la Informaci\u00f3n (INAI) pidi\u00f3 a una jueza que obligue a la Junta de Coordinaci\u00f3n Pol\u00edtica del Senado y el pleno de la C\u00e1mara Alta a nombrar a dos comisionados del Instituto tras el veto presidencial a los dos que hab\u00eda designado el 1 de marzo.<\/p>\n\n\n\n<p>Desde noviembre del a\u00f1o pasado, el Consejo Consultivo del INAI, en conjunto con el\u00a0Consejo Nacional de Litigio Estrat\u00e9gico, promovi\u00f3 acciones legales para empujar al\u00a0Senado\u00a0a nombrar a los dos comisionados que faltan al organismo desde la salida de Eugenioevgueny Monterrey Chapov y Oscar Guerra Ford, el 31 de marzo pasado.<\/p>\n\n\n\n<p>A ra\u00edz de la solicitud del Consejo, la jueza titular del d\u00e9cimo s\u00e9ptimo Distrito en Materia Administrativa en la Ciudad de M\u00e9xico concedi\u00f3 una\u00a0suspensi\u00f3n provisional\u00a0y luego la\u00a0definitiva\u00a0contra el Senado por la omisi\u00f3n al emitir el acuerdo para la designaci\u00f3n de los dos candidatos a ocupar las vacantes en el INAI.<\/p>\n\n\n\n<p>A ra\u00edz de eso, el 28 de febrero, las comisiones de Justicia y Transparencia, anticorrupci\u00f3n y participaci\u00f3n ciudadana del Senado presentaron los nombres de\u00a0Yadira Alarc\u00f3n\u00a0y\u00a0Rafael Luna\u00a0como las propuestas para ocupar esas sillas y el 1 de marzo el pleno vot\u00f3 mayoritariamente a favor de ambos.\u00a0<\/p>\n\n\n\n<p>Sin embargo, el 15 de marzo, la presidencia de la Rep\u00fablica notific\u00f3, a trav\u00e9s de la\u00a0Secretar\u00eda de Gobernaci\u00f3n, que el Ejecutivo hab\u00eda vetado a los dos candidatos propuestos porque uno de ellos,\u00a0Rafael Luna, no estaba entre los que tuvieron mejor desempe\u00f1o en las evaluaciones que hicieron los propios senadores y un comit\u00e9 acad\u00e9micos de especialistas independientes, por lo que se decidi\u00f3 no ratificarlos.<\/p>\n\n\n\n<p>Esa decisi\u00f3n provoc\u00f3 que persista la falta de dos comisionados del\u00a0INAI. En el escrito en que se pide a la jueza que pida al Senado demostrar que ha cumplido con su\u00a0mandato\u00a0se se\u00f1ala.<\/p>\n\n\n\n<p>\u201cA la fecha nos encontramos en la misma circunstancia que al momento de haberse presentado el\u00a0amparo, esto es, existe una omisi\u00f3n de la C\u00e1mara de Senadores de ejercer su facultad Constitucional y activar los\u00a0mecanismos\u00a0para la debida integraci\u00f3n del \u00f3rgano constitucional aut\u00f3nomo\u201d.<\/p>\n\n\n\n<p>Ante la falta de dos comisionados y la pr\u00f3xima conclusi\u00f3n del periodo de\u00a0Francisco Javier Acu\u00f1a, el pleno del INAI no podr\u00e1 sesionar y as\u00ed quedar\u00e1 impedido de ordenar a las dependencias gubernamentales que entreguen la informaci\u00f3n solicitada por los ciudadanos.<\/p>\n\n\n\n<p><\/p>\n\n\n\n<p>Fuente: Latinus<\/p>\n\n\n\n<p><\/p>\n\n\n\n<p>\u00a0<\/p>\n","protected":false},"excerpt":{"rendered":"<p>El\u00a0Consejo Consultivo\u00a0del Instituto Nacional de Transparencia y Acceso a la Informaci\u00f3n (INAI) pidi\u00f3 a una jueza que obligue a la Junta de Coordinaci\u00f3n Pol\u00edtica del Senado y el pleno de la C\u00e1mara Alta a nombrar a dos comisionados del Instituto tras el veto presidencial a los dos que hab\u00eda designado el 1 de marzo. Desde<a class=\"read-more\" href=\"https:\/\/globalnewsmexico.com\/sitio\/consejo-consultivo-del-inai-pide-a-jueza-ordenar-al-senado-que-nombre-nuevos-comisionados-del-organismo\/\">Leer m\u00e1s<\/a><\/p>\n","protected":false},"author":5,"featured_media":67784,"comment_status":"closed","ping_status":"open","sticky":false,"template":"","format":"standard","meta":{"spay_email":"","footnotes":""},"categories":[37,8,42,52],"tags":[],"jetpack_featured_media_url":"https:\/\/i0.wp.com\/globalnewsmexico.com\/sitio\/wp-content\/uploads\/2023\/03\/21-de-marzo-1.jpg?fit=1024%2C529&ssl=1","jetpack_sharing_enabled":true,"jetpack_shortlink":"https:\/\/wp.me\/p9yqPL-hDh","jetpack_likes_enabled":true,"_links":{"self":[{"href":"https:\/\/globalnewsmexico.com\/sitio\/wp-json\/wp\/v2\/posts\/67783"}],"collection":[{"href":"https:\/\/globalnewsmexico.com\/sitio\/wp-json\/wp\/v2\/posts"}],"about":[{"href":"https:\/\/globalnewsmexico.com\/sitio\/wp-json\/wp\/v2\/types\/post"}],"author":[{"embeddable":true,"href":"https:\/\/globalnewsmexico.com\/sitio\/wp-json\/wp\/v2\/users\/5"}],"replies":[{"embeddable":true,"href":"https:\/\/globalnewsmexico.com\/sitio\/wp-json\/wp\/v2\/comments?post=67783"}],"version-history":[{"count":0,"href":"https:\/\/globalnewsmexico.com\/sitio\/wp-json\/wp\/v2\/posts\/67783\/revisions"}],"wp:featuredmedia":[{"embeddable":true,"href":"https:\/\/globalnewsmexico.com\/sitio\/wp-json\/wp\/v2\/media\/67784"}],"wp:attachment":[{"href":"https:\/\/globalnewsmexico.com\/sitio\/wp-json\/wp\/v2\/media?parent=67783"}],"wp:term":[{"taxonomy":"category","embeddable":true,"href":"https:\/\/globalnewsmexico.com\/sitio\/wp-json\/wp\/v2\/categories?post=67783"},{"taxonomy":"post_tag","embeddable":true,"href":"https:\/\/globalnewsmexico.com\/sitio\/wp-json\/wp\/v2\/tags?post=67783"}],"curies":[{"name":"wp","href":"https:\/\/api.w.org\/{rel}","templated":true}]}}