{"id":67817,"date":"2023-04-05T13:30:12","date_gmt":"2023-04-05T18:30:12","guid":{"rendered":"http:\/\/globalnewsmexico.com\/sitio\/?p=67817"},"modified":"2023-04-05T13:30:17","modified_gmt":"2023-04-05T18:30:17","slug":"una-desfachatez-que-lorenzo-cordova-regrese-a-la-unam-amlo","status":"publish","type":"post","link":"https:\/\/globalnewsmexico.com\/sitio\/una-desfachatez-que-lorenzo-cordova-regrese-a-la-unam-amlo\/","title":{"rendered":"Una \u201cdesfachatez\u201d que Lorenzo C\u00f3rdova regrese a la UNAM: AMLO"},"content":{"rendered":"\n<p>El presidente Andr\u00e9s Manuel L\u00f3pez Obrador critic\u00f3 que Lorenzo C\u00f3rdova, ex consejero presidente del Instituto Nacional Electoral (INE), regrese a su trabajo de investigaci\u00f3n en la Universidad Nacional Aut\u00f3noma de M\u00e9xico (UNAM).<\/p>\n\n\n\n<p>\u201cAhora, esta desfachatez: quien estaba en el INE \u2014y ya es preferible olvidar\u2014, se va a la UNAM, pobre UNAM. Me habla mi alma mater\u201d, dijo L\u00f3pez Obrador desde Palacio Nacional.<\/p>\n\n\n\n<p>\u200bL\u00f3pez Obrador cuestion\u00f3 la imparcialidad del INE y de C\u00f3rdova Vianello, porque tambi\u00e9n participar\u00e1 en Latinus, el medio que dirige Carlos Loret de Mola.<\/p>\n\n\n\n<p>\u201cIrse de comentarista con Loret de Mola. \u00a1Imag\u00ednense!, \u00a1cu\u00e1nta gente enga\u00f1ada! Defendi\u00e9ndolos porque \u2018el INE no se toca\u2019. Supuestamente, ellos (son) independientes\u201d.<\/p>\n\n\n\n<p>Ayer, C\u00f3rdova Vianello anunci\u00f3 en su cuenta de Twitter su regreso a sus actividades acad\u00e9micas en la UNAM y el arranque de su videocolumna semanal, tras terminar su periodo al frente del INE.<\/p>\n\n\n\n<p><\/p>\n\n\n\n<p>Fuente: Milenio<\/p>\n\n\n\n<p><\/p>\n","protected":false},"excerpt":{"rendered":"<p>El presidente Andr\u00e9s Manuel L\u00f3pez Obrador critic\u00f3 que Lorenzo C\u00f3rdova, ex consejero presidente del Instituto Nacional Electoral (INE), regrese a su trabajo de investigaci\u00f3n en la Universidad Nacional Aut\u00f3noma de M\u00e9xico (UNAM). \u201cAhora, esta desfachatez: quien estaba en el INE \u2014y ya es preferible olvidar\u2014, se va a la UNAM, pobre UNAM. Me habla mi<a class=\"read-more\" href=\"https:\/\/globalnewsmexico.com\/sitio\/una-desfachatez-que-lorenzo-cordova-regrese-a-la-unam-amlo\/\">Leer m\u00e1s<\/a><\/p>\n","protected":false},"author":5,"featured_media":67782,"comment_status":"closed","ping_status":"open","sticky":false,"template":"","format":"standard","meta":{"spay_email":"","footnotes":""},"categories":[37,8,49,52],"tags":[],"jetpack_featured_media_url":"https:\/\/i2.wp.com\/globalnewsmexico.com\/sitio\/wp-content\/uploads\/2023\/03\/21-de-marzo.jpg?fit=1040%2C780&ssl=1","jetpack_sharing_enabled":true,"jetpack_shortlink":"https:\/\/wp.me\/p9yqPL-hDP","jetpack_likes_enabled":true,"_links":{"self":[{"href":"https:\/\/globalnewsmexico.com\/sitio\/wp-json\/wp\/v2\/posts\/67817"}],"collection":[{"href":"https:\/\/globalnewsmexico.com\/sitio\/wp-json\/wp\/v2\/posts"}],"about":[{"href":"https:\/\/globalnewsmexico.com\/sitio\/wp-json\/wp\/v2\/types\/post"}],"author":[{"embeddable":true,"href":"https:\/\/globalnewsmexico.com\/sitio\/wp-json\/wp\/v2\/users\/5"}],"replies":[{"embeddable":true,"href":"https:\/\/globalnewsmexico.com\/sitio\/wp-json\/wp\/v2\/comments?post=67817"}],"version-history":[{"count":0,"href":"https:\/\/globalnewsmexico.com\/sitio\/wp-json\/wp\/v2\/posts\/67817\/revisions"}],"wp:featuredmedia":[{"embeddable":true,"href":"https:\/\/globalnewsmexico.com\/sitio\/wp-json\/wp\/v2\/media\/67782"}],"wp:attachment":[{"href":"https:\/\/globalnewsmexico.com\/sitio\/wp-json\/wp\/v2\/media?parent=67817"}],"wp:term":[{"taxonomy":"category","embeddable":true,"href":"https:\/\/globalnewsmexico.com\/sitio\/wp-json\/wp\/v2\/categories?post=67817"},{"taxonomy":"post_tag","embeddable":true,"href":"https:\/\/globalnewsmexico.com\/sitio\/wp-json\/wp\/v2\/tags?post=67817"}],"curies":[{"name":"wp","href":"https:\/\/api.w.org\/{rel}","templated":true}]}}