{"id":67829,"date":"2023-04-11T12:01:03","date_gmt":"2023-04-11T17:01:03","guid":{"rendered":"http:\/\/globalnewsmexico.com\/sitio\/?p=67829"},"modified":"2023-04-11T12:01:07","modified_gmt":"2023-04-11T17:01:07","slug":"mananera-lopez-obrador-temas-de-la-conferencia-del-11-de-abril-de-2023","status":"publish","type":"post","link":"https:\/\/globalnewsmexico.com\/sitio\/mananera-lopez-obrador-temas-de-la-conferencia-del-11-de-abril-de-2023\/","title":{"rendered":"&#8216;Ma\u00f1anera&#8217; L\u00f3pez Obrador: temas de la conferencia del 11 de abril de 2023"},"content":{"rendered":"\n<p>El presidente\u00a0Andr\u00e9s Manuel L\u00f3pez Obrador\u00a0encabez\u00f3 su\u00a0conferencia ma\u00f1anera del 11 de abril de 2023\u00a0desde Palacio Nacional, donde estuvo acompa\u00f1ado por su gabinete de salud.<\/p>\n\n\n\n<p>L\u00f3pez Obrador dijo que la Secretar\u00eda de Salud analiza poner fin a la emergencia por covid-19.<\/p>\n\n\n\n<p>Ssa analiza si es viable poner fin a emergencia por covid-19 en M\u00e9xico<\/p>\n\n\n\n<p>La Secretar\u00eda de Salud\u00a0analiza si es viable poner fin a la emergencia sanitaria por covid-19 en M\u00e9xico\u00a0tras la decisi\u00f3n de Estados Unidos, inform\u00f3 el presidente Andr\u00e9s Manuel L\u00f3pez Obrador, aunque asegur\u00f3 que esto depende de las condiciones de salud en el pa\u00eds.<\/p>\n\n\n\n<figure class=\"wp-block-image\"><img decoding=\"async\" src=\"https:\/\/i2.wp.com\/cdn.ex.co\/logos\/c650431c-456e-43e8-8fe9-dcf20fe93184_null__1677849560725.png?w=800&#038;ssl=1\" alt=\"exp-player-logo\" data-recalc-dims=\"1\"\/><\/figure>\n\n\n\n<p>\u201cLo estamos viendo, lo est\u00e1 analizando Salud. Yo creo que pronto se va a dar a conocer, el acuerdo se est\u00e1 analizando y les vamos a informar, esto lo hicieron ya en Estados Unidos, all\u00e1 intervienen otros factores, aqu\u00ed la salud es primero\u201d, dijo.<\/p>\n\n\n\n<p>Hay rutas de fentanilo de EU a M\u00e9xico: L\u00f3pez-Gatell; \u00abes un problema importado\u00bb<\/p>\n\n\n\n<p>El subsecretario de Salud, Hugo L\u00f3pez-Gatell, asegur\u00f3 que\u00a0hay rutas de fentanilo de Estados Unidos a M\u00e9xico y reiter\u00f3 que en el pa\u00eds no se produce, ya que \u00e9ste se fabrica a partir de precursores que se producen en otros lugares, incluido el pa\u00eds del norte, donde la\u00a0crisis de consumo es un \u201cproblema importado\u201d.<\/p>\n\n\n\n<p>\u201cLa actitud del gobierno de M\u00e9xico es no queremos que nos pase (lo que ocurre en Estados Unidos), queremos tener una anticipaci\u00f3n intensa en la prevenci\u00f3n. Hoy por hoy no es un problema grande de salud p\u00fablica (en M\u00e9xico), queremos cooperar con Estados Unidos que tiene un enorme problema de adicci\u00f3n al fentanilo, producci\u00f3n al fentanilo, importaci\u00f3n de fentanilo desde otras regiones, particularmente de Asia, queremos ayudar como buenos vecinos\u201d, dijo al inaugurar la nueva secci\u00f3n para la prevenci\u00f3n de adicciones.<\/p>\n\n\n\n<p>El funcionario alert\u00f3 sobre los riesgos del consumo del fentanilo, uno de ellos de que es\u00a0altamente adictivo aun en peque\u00f1as dosis.<\/p>\n\n\n\n<p>Covid-19 en M\u00e9xico, con nueva reducci\u00f3n acelerada: Ssa<\/p>\n\n\n\n<p>La\u00a0pandemia de covid-19 en M\u00e9xico presenta una nueva reducci\u00f3n acelerada\u00a0en las \u00faltimas dos semanas, inform\u00f3 el subsecretario de Salud, Hugo L\u00f3pez-Gatell, quien dijo que se espera que esto signifique una tendencia a la baja.<\/p>\n\n\n\n<p>\u201cLlevamos 14 semanas de 2023, las primeras cinco semanas hubo una reducci\u00f3n r\u00e1pida y en las siguientes nueve se ha estabilizado, ya no reduce tanto, pero est\u00e1 en niveles m\u00ednimos. En las \u00faltimas dos semanas hubo una nueva reducci\u00f3n acelerada, esperamos que esto signifique a una tendencia a la reducci\u00f3n\u201d, indic\u00f3 y agreg\u00f3 que la mortalidad por covid-19 est\u00e1 \u201cen menos de un d\u00edgito\u201d.<\/p>\n\n\n\n<p><\/p>\n\n\n\n<p>Fuente: Excelsior<\/p>\n\n\n\n<p><\/p>\n","protected":false},"excerpt":{"rendered":"<p>El presidente\u00a0Andr\u00e9s Manuel L\u00f3pez Obrador\u00a0encabez\u00f3 su\u00a0conferencia ma\u00f1anera del 11 de abril de 2023\u00a0desde Palacio Nacional, donde estuvo acompa\u00f1ado por su gabinete de salud. L\u00f3pez Obrador dijo que la Secretar\u00eda de Salud analiza poner fin a la emergencia por covid-19. Ssa analiza si es viable poner fin a emergencia por covid-19 en M\u00e9xico La Secretar\u00eda de<a class=\"read-more\" href=\"https:\/\/globalnewsmexico.com\/sitio\/mananera-lopez-obrador-temas-de-la-conferencia-del-11-de-abril-de-2023\/\">Leer m\u00e1s<\/a><\/p>\n","protected":false},"author":5,"featured_media":67830,"comment_status":"closed","ping_status":"open","sticky":false,"template":"","format":"standard","meta":{"spay_email":"","footnotes":""},"categories":[37,8,49,52],"tags":[],"jetpack_featured_media_url":"https:\/\/i2.wp.com\/globalnewsmexico.com\/sitio\/wp-content\/uploads\/2023\/04\/11-de-abril-2.jpg?fit=1040%2C780&ssl=1","jetpack_sharing_enabled":true,"jetpack_shortlink":"https:\/\/wp.me\/p9yqPL-hE1","jetpack_likes_enabled":true,"_links":{"self":[{"href":"https:\/\/globalnewsmexico.com\/sitio\/wp-json\/wp\/v2\/posts\/67829"}],"collection":[{"href":"https:\/\/globalnewsmexico.com\/sitio\/wp-json\/wp\/v2\/posts"}],"about":[{"href":"https:\/\/globalnewsmexico.com\/sitio\/wp-json\/wp\/v2\/types\/post"}],"author":[{"embeddable":true,"href":"https:\/\/globalnewsmexico.com\/sitio\/wp-json\/wp\/v2\/users\/5"}],"replies":[{"embeddable":true,"href":"https:\/\/globalnewsmexico.com\/sitio\/wp-json\/wp\/v2\/comments?post=67829"}],"version-history":[{"count":0,"href":"https:\/\/globalnewsmexico.com\/sitio\/wp-json\/wp\/v2\/posts\/67829\/revisions"}],"wp:featuredmedia":[{"embeddable":true,"href":"https:\/\/globalnewsmexico.com\/sitio\/wp-json\/wp\/v2\/media\/67830"}],"wp:attachment":[{"href":"https:\/\/globalnewsmexico.com\/sitio\/wp-json\/wp\/v2\/media?parent=67829"}],"wp:term":[{"taxonomy":"category","embeddable":true,"href":"https:\/\/globalnewsmexico.com\/sitio\/wp-json\/wp\/v2\/categories?post=67829"},{"taxonomy":"post_tag","embeddable":true,"href":"https:\/\/globalnewsmexico.com\/sitio\/wp-json\/wp\/v2\/tags?post=67829"}],"curies":[{"name":"wp","href":"https:\/\/api.w.org\/{rel}","templated":true}]}}