{"id":67835,"date":"2023-04-11T13:01:46","date_gmt":"2023-04-11T18:01:46","guid":{"rendered":"http:\/\/globalnewsmexico.com\/sitio\/?p=67835"},"modified":"2023-04-11T13:01:51","modified_gmt":"2023-04-11T18:01:51","slug":"diputados-inician-sesion-para-limitar-facultades-del-tepjf-y-se-van-a-receso","status":"publish","type":"post","link":"https:\/\/globalnewsmexico.com\/sitio\/diputados-inician-sesion-para-limitar-facultades-del-tepjf-y-se-van-a-receso\/","title":{"rendered":"Diputados inician sesi\u00f3n para limitar facultades del TEPJF&#8230; \u00a1y se van a receso!"},"content":{"rendered":"\n<p>Ante la falta de consensos para dictaminar la\u00a0reforma al Tribunal Electoral, la Comisi\u00f3n de Puntos Constitucionales de la\u00a0C\u00e1mara de Diputados\u00a0llam\u00f3 a receso de por lo menos una hora.<\/p>\n\n\n\n<p>El presidente de la Comisi\u00f3n de Puntos Constitucionales,\u00a0 Juan Ramiro Robledo, inform\u00f3 que\u00a0hay tres reservas a la iniciativa para limitar las facultades del Tribunal Electoral. Explic\u00f3 que dichas reservas son por parte de la diputada y vicecoordinadora de Morena, Aleida Alavez, el diputado del PRI, Marco Antonio Mendoza, y el diputado de Morena, Manuel Vazquez Arellano.<\/p>\n\n\n\n<p>La reuni\u00f3n de la Comisi\u00f3n de Puntos Constitucionales estaba prevista originalmente este lunes, sin embargo, se pospuso a este martes a las 09:00 horas, pero&nbsp;inici\u00f3 una hora despu\u00e9s de lo pactado \u00fanicamente para llamar a receso.<\/p>\n\n\n\n<p>El diputado por Movimiento Ciudadano, Salvador Caro, expres\u00f3 su inconformidad por la falta de informaci\u00f3n sobre el proceso con los integrantes de dicha comisi\u00f3n y cuestion\u00f3 la falta de consenso entre las fracciones parlamentarias.<\/p>\n\n\n\n<p>\u201cCreo que es una falta de respeto a todos los integrantes de la comisi\u00f3n que no tengamos detalle de lo que est\u00e1 pasando que es lo que detiene que este asunto nos detenga ocupados de esta manera, si es la falta de consenso\u201d, se\u00f1al\u00f3.<\/p>\n\n\n\n<p>Los integrantes de la Junta de Coordinaci\u00f3n Pol\u00edtica de la C\u00e1mara de Diputados \u201cbuscan los acuerdos de la reforma que plantea\u00a0acotar las sentencias del Tribunal Electoral en materia de igualdad de g\u00e9nero y acciones afirmativas para que los partidos pol\u00edticos sean quienes exclusivamente decidan.<\/p>\n\n\n\n<p>Diversas organizaciones feministas y de la diversidad sexual se han pronunciado en contra de la reforma al considerar que es un\u00a0retroceso democr\u00e1tico para los espacios de poblaciones que hist\u00f3ricamente han sido excluidas.<\/p>\n\n\n\n<p><\/p>\n\n\n\n<p>Fuente: Excelsior <\/p>\n\n\n\n<p><\/p>\n","protected":false},"excerpt":{"rendered":"<p>Ante la falta de consensos para dictaminar la\u00a0reforma al Tribunal Electoral, la Comisi\u00f3n de Puntos Constitucionales de la\u00a0C\u00e1mara de Diputados\u00a0llam\u00f3 a receso de por lo menos una hora. El presidente de la Comisi\u00f3n de Puntos Constitucionales,\u00a0 Juan Ramiro Robledo, inform\u00f3 que\u00a0hay tres reservas a la iniciativa para limitar las facultades del Tribunal Electoral. Explic\u00f3 que<a class=\"read-more\" href=\"https:\/\/globalnewsmexico.com\/sitio\/diputados-inician-sesion-para-limitar-facultades-del-tepjf-y-se-van-a-receso\/\">Leer m\u00e1s<\/a><\/p>\n","protected":false},"author":5,"featured_media":67836,"comment_status":"closed","ping_status":"open","sticky":false,"template":"","format":"standard","meta":{"spay_email":"","footnotes":""},"categories":[37,8,49,52],"tags":[],"jetpack_featured_media_url":"https:\/\/i2.wp.com\/globalnewsmexico.com\/sitio\/wp-content\/uploads\/2023\/04\/11-de-abril-5.jpg?fit=1040%2C780&ssl=1","jetpack_sharing_enabled":true,"jetpack_shortlink":"https:\/\/wp.me\/p9yqPL-hE7","jetpack_likes_enabled":true,"_links":{"self":[{"href":"https:\/\/globalnewsmexico.com\/sitio\/wp-json\/wp\/v2\/posts\/67835"}],"collection":[{"href":"https:\/\/globalnewsmexico.com\/sitio\/wp-json\/wp\/v2\/posts"}],"about":[{"href":"https:\/\/globalnewsmexico.com\/sitio\/wp-json\/wp\/v2\/types\/post"}],"author":[{"embeddable":true,"href":"https:\/\/globalnewsmexico.com\/sitio\/wp-json\/wp\/v2\/users\/5"}],"replies":[{"embeddable":true,"href":"https:\/\/globalnewsmexico.com\/sitio\/wp-json\/wp\/v2\/comments?post=67835"}],"version-history":[{"count":0,"href":"https:\/\/globalnewsmexico.com\/sitio\/wp-json\/wp\/v2\/posts\/67835\/revisions"}],"wp:featuredmedia":[{"embeddable":true,"href":"https:\/\/globalnewsmexico.com\/sitio\/wp-json\/wp\/v2\/media\/67836"}],"wp:attachment":[{"href":"https:\/\/globalnewsmexico.com\/sitio\/wp-json\/wp\/v2\/media?parent=67835"}],"wp:term":[{"taxonomy":"category","embeddable":true,"href":"https:\/\/globalnewsmexico.com\/sitio\/wp-json\/wp\/v2\/categories?post=67835"},{"taxonomy":"post_tag","embeddable":true,"href":"https:\/\/globalnewsmexico.com\/sitio\/wp-json\/wp\/v2\/tags?post=67835"}],"curies":[{"name":"wp","href":"https:\/\/api.w.org\/{rel}","templated":true}]}}