{"id":67841,"date":"2023-04-12T12:20:50","date_gmt":"2023-04-12T17:20:50","guid":{"rendered":"http:\/\/globalnewsmexico.com\/sitio\/?p=67841"},"modified":"2023-04-12T12:20:54","modified_gmt":"2023-04-12T17:20:54","slug":"amlo-da-marcha-atras-al-cabotaje-para-los-extranjeros-no-lo-incluira-en-la-reforma-a-la-ley-de-aviacion-civil","status":"publish","type":"post","link":"https:\/\/globalnewsmexico.com\/sitio\/amlo-da-marcha-atras-al-cabotaje-para-los-extranjeros-no-lo-incluira-en-la-reforma-a-la-ley-de-aviacion-civil\/","title":{"rendered":"AMLO da marcha atr\u00e1s al cabotaje para los extranjeros: no lo incluir\u00e1 en la reforma a la Ley de Aviaci\u00f3n Civil"},"content":{"rendered":"\n<p>El gobierno de M\u00e9xico ha suspendido el intento para que se apruebe el cabotaje en el pa\u00eds, as\u00ed lo asegur\u00f3 el presidente\u00a0Andr\u00e9s Manuel L\u00f3pez Obrador\u00a0durante la conferencia de prensa de este mi\u00e9rcoles en Palacio Nacional.\u00a0<\/p>\n\n\n\n<p>De acuerdo con el mandatario, se dio marcha atr\u00e1s a la propuesta que buscaba reformar\u00a0la\u00a0Ley de Aviaci\u00f3n Civil y Aeropuertos, la cual permit\u00eda a las aeronaves extranjeras que llegaban al pa\u00eds realizar varios trayectos para el transporte de pasajeros o mercanc\u00eda.\u00a0<\/p>\n\n\n\n<p>El sector hab\u00eda criticado esta medida por considerar que dejaba desprotegidas a las empresas nacionales y en una competencia desleal frente a las\u00a0industrias\u00a0extranjeras\u00a0que llevaran a cabo estas operaciones.\u00a0<\/p>\n\n\n\n<p>A pregunta expresa, el presidente dijo que se tiene que analizar el\u00a0tema\u00a0a\u00a0profundidad\u00a0y buscar un acuerdo con los\u00a0trabajadores\u00a0del\u00a0sector a\u00e9reo.<\/p>\n\n\n\n<p>\u201cVamos a esperar porque se est\u00e1 presentando la iniciativa aunque se qued\u00f3 pendiente lo del cabotaje porque queremos verlo con m\u00e1s profundidad y estamos buscando un acuerdo con los trabajadores entonces lo que se envi\u00f3 o est\u00e1 por enviarse de incitativa ya no lleva lo del cabotaje\u201d, apunt\u00f3.<\/p>\n\n\n\n<p><\/p>\n\n\n\n<p>Fuente: El Heraldo M\u00e9xico<\/p>\n\n\n\n<p><\/p>\n","protected":false},"excerpt":{"rendered":"<p>El gobierno de M\u00e9xico ha suspendido el intento para que se apruebe el cabotaje en el pa\u00eds, as\u00ed lo asegur\u00f3 el presidente\u00a0Andr\u00e9s Manuel L\u00f3pez Obrador\u00a0durante la conferencia de prensa de este mi\u00e9rcoles en Palacio Nacional.\u00a0 De acuerdo con el mandatario, se dio marcha atr\u00e1s a la propuesta que buscaba reformar\u00a0la\u00a0Ley de Aviaci\u00f3n Civil y Aeropuertos,<a class=\"read-more\" href=\"https:\/\/globalnewsmexico.com\/sitio\/amlo-da-marcha-atras-al-cabotaje-para-los-extranjeros-no-lo-incluira-en-la-reforma-a-la-ley-de-aviacion-civil\/\">Leer m\u00e1s<\/a><\/p>\n","protected":false},"author":5,"featured_media":67842,"comment_status":"closed","ping_status":"open","sticky":false,"template":"","format":"standard","meta":{"spay_email":"","footnotes":""},"categories":[37,8,49,52],"tags":[],"jetpack_featured_media_url":"https:\/\/i2.wp.com\/globalnewsmexico.com\/sitio\/wp-content\/uploads\/2023\/04\/12-de-abril-2.jpg?fit=1040%2C585&ssl=1","jetpack_sharing_enabled":true,"jetpack_shortlink":"https:\/\/wp.me\/p9yqPL-hEd","jetpack_likes_enabled":true,"_links":{"self":[{"href":"https:\/\/globalnewsmexico.com\/sitio\/wp-json\/wp\/v2\/posts\/67841"}],"collection":[{"href":"https:\/\/globalnewsmexico.com\/sitio\/wp-json\/wp\/v2\/posts"}],"about":[{"href":"https:\/\/globalnewsmexico.com\/sitio\/wp-json\/wp\/v2\/types\/post"}],"author":[{"embeddable":true,"href":"https:\/\/globalnewsmexico.com\/sitio\/wp-json\/wp\/v2\/users\/5"}],"replies":[{"embeddable":true,"href":"https:\/\/globalnewsmexico.com\/sitio\/wp-json\/wp\/v2\/comments?post=67841"}],"version-history":[{"count":0,"href":"https:\/\/globalnewsmexico.com\/sitio\/wp-json\/wp\/v2\/posts\/67841\/revisions"}],"wp:featuredmedia":[{"embeddable":true,"href":"https:\/\/globalnewsmexico.com\/sitio\/wp-json\/wp\/v2\/media\/67842"}],"wp:attachment":[{"href":"https:\/\/globalnewsmexico.com\/sitio\/wp-json\/wp\/v2\/media?parent=67841"}],"wp:term":[{"taxonomy":"category","embeddable":true,"href":"https:\/\/globalnewsmexico.com\/sitio\/wp-json\/wp\/v2\/categories?post=67841"},{"taxonomy":"post_tag","embeddable":true,"href":"https:\/\/globalnewsmexico.com\/sitio\/wp-json\/wp\/v2\/tags?post=67841"}],"curies":[{"name":"wp","href":"https:\/\/api.w.org\/{rel}","templated":true}]}}