{"id":67852,"date":"2023-04-21T13:17:52","date_gmt":"2023-04-21T18:17:52","guid":{"rendered":"http:\/\/globalnewsmexico.com\/sitio\/?p=67852"},"modified":"2023-04-21T13:17:57","modified_gmt":"2023-04-21T18:17:57","slug":"difieren-audiencia-de-francisco-garduno-titular-del-inm-por-muerte-de-migrantes","status":"publish","type":"post","link":"https:\/\/globalnewsmexico.com\/sitio\/difieren-audiencia-de-francisco-garduno-titular-del-inm-por-muerte-de-migrantes\/","title":{"rendered":"Difieren audiencia de Francisco Gardu\u00f1o, titular del INM, por muerte de migrantes"},"content":{"rendered":"\n<p>La audiencia del titular del INM,\u00a0Francisco Gardu\u00f1o, por el\u00a0incendio en la estaci\u00f3n migratoria de Ciudad Ju\u00e1rez\u00a0que dej\u00f3 40 migrantes muertos fue\u00a0diferida para el pr\u00f3ximo martes 25 de abril a las 9:00 horas.<\/p>\n\n\n\n<p>El juez de control determin\u00f3 reprogramar la audiencia debido a que la defensa del funcionario argument\u00f3 que apenas esta ma\u00f1ana la Fiscal\u00eda General de la Rep\u00fablica le hab\u00eda entregado el expediente consistente en aproximadamente 10 tomos, por lo que no tuvo tiempo de revisarlo.<\/p>\n\n\n\n<p>Transcurridos 15 minutos de la audiencia inicial en el Centro de Justicia Penal Federal de Ciudad Ju\u00e1rez, el juez determin\u00f3 que ser\u00e1 la pr\u00f3xima semana cuando continuar\u00e1 \u00e9sta y nuevamente Francisco Gardu\u00f1o se presentar\u00e1 ante las autoridades.<\/p>\n\n\n\n<p>El titular del INM ser\u00e1 notificado sobre la\u00a0imputaci\u00f3n en su contra por parte de la FGR\u00a0por el incendio ocurrido el pasado 27 de marzo. El delito del que es acusado es de\u00a0ejercicio indebido del servicio p\u00fablico\u00a0y de no vigilar el debido cumplimiento de las pol\u00edticas para proteger y respetar los derechos humanos de los migrantes que cruzan por suelo mexicano.<\/p>\n\n\n\n<p>A su salida, Francisco Gardu\u00f1o asegur\u00f3 que\u00a0est\u00e1 en disposici\u00f3n de colaborar con las autoridades\u00a0y omiti\u00f3 dar mayores declaraciones debido a que est\u00e1 sometido a un proceso judicial.<\/p>\n\n\n\n<figure class=\"wp-block-image\"><img decoding=\"async\" src=\"https:\/\/i2.wp.com\/cdn.ex.co\/logos\/c650431c-456e-43e8-8fe9-dcf20fe93184_null__1677849560725.png?w=800&#038;ssl=1\" alt=\"exp-player-logo\" data-recalc-dims=\"1\"\/><\/figure>\n\n\n\n<p>\u201cHe estado pendiente y aqu\u00ed estar\u00e9, me impide, porque estoy en un proceso judicial, alguna declaraci\u00f3n adicional\u201d, dijo ante los medios de comunicaci\u00f3n.<\/p>\n\n\n\n<p>Adem\u00e1s de titular del INM,\u00a0Antonio Andr\u00e9s Vidal Islas, titular de la Direcci\u00f3n General de Regulaci\u00f3n y Archivo Migratorio, tambi\u00e9n es acusado por las autoridades, mientras que\u00a0dos funcionarios m\u00e1s del instituto se encuentran vinculados\u00a0a proceso\u00a0por la muerte de los 40 migrantes en el incendio.<\/p>\n\n\n\n<p>En tanto, hoy se reanudar\u00e1 la audiencia de\u00a0Salvador Gonz\u00e1lez Guerrero, delegado del INM en Chihuahua, donde el juez determinar\u00e1 si lo vincula o no a proceso.<\/p>\n\n\n\n<p><\/p>\n\n\n\n<p><\/p>\n\n\n\n<p>Fuente: Excelsior<\/p>\n\n\n\n<p><\/p>\n","protected":false},"excerpt":{"rendered":"<p>La audiencia del titular del INM,\u00a0Francisco Gardu\u00f1o, por el\u00a0incendio en la estaci\u00f3n migratoria de Ciudad Ju\u00e1rez\u00a0que dej\u00f3 40 migrantes muertos fue\u00a0diferida para el pr\u00f3ximo martes 25 de abril a las 9:00 horas. El juez de control determin\u00f3 reprogramar la audiencia debido a que la defensa del funcionario argument\u00f3 que apenas esta ma\u00f1ana la Fiscal\u00eda General<a class=\"read-more\" href=\"https:\/\/globalnewsmexico.com\/sitio\/difieren-audiencia-de-francisco-garduno-titular-del-inm-por-muerte-de-migrantes\/\">Leer m\u00e1s<\/a><\/p>\n","protected":false},"author":5,"featured_media":67853,"comment_status":"closed","ping_status":"open","sticky":false,"template":"","format":"standard","meta":{"spay_email":"","footnotes":""},"categories":[37,8,49,52],"tags":[],"jetpack_featured_media_url":"https:\/\/i1.wp.com\/globalnewsmexico.com\/sitio\/wp-content\/uploads\/2023\/04\/21-de-abril.jpg?fit=1040%2C780&ssl=1","jetpack_sharing_enabled":true,"jetpack_shortlink":"https:\/\/wp.me\/p9yqPL-hEo","jetpack_likes_enabled":true,"_links":{"self":[{"href":"https:\/\/globalnewsmexico.com\/sitio\/wp-json\/wp\/v2\/posts\/67852"}],"collection":[{"href":"https:\/\/globalnewsmexico.com\/sitio\/wp-json\/wp\/v2\/posts"}],"about":[{"href":"https:\/\/globalnewsmexico.com\/sitio\/wp-json\/wp\/v2\/types\/post"}],"author":[{"embeddable":true,"href":"https:\/\/globalnewsmexico.com\/sitio\/wp-json\/wp\/v2\/users\/5"}],"replies":[{"embeddable":true,"href":"https:\/\/globalnewsmexico.com\/sitio\/wp-json\/wp\/v2\/comments?post=67852"}],"version-history":[{"count":0,"href":"https:\/\/globalnewsmexico.com\/sitio\/wp-json\/wp\/v2\/posts\/67852\/revisions"}],"wp:featuredmedia":[{"embeddable":true,"href":"https:\/\/globalnewsmexico.com\/sitio\/wp-json\/wp\/v2\/media\/67853"}],"wp:attachment":[{"href":"https:\/\/globalnewsmexico.com\/sitio\/wp-json\/wp\/v2\/media?parent=67852"}],"wp:term":[{"taxonomy":"category","embeddable":true,"href":"https:\/\/globalnewsmexico.com\/sitio\/wp-json\/wp\/v2\/categories?post=67852"},{"taxonomy":"post_tag","embeddable":true,"href":"https:\/\/globalnewsmexico.com\/sitio\/wp-json\/wp\/v2\/tags?post=67852"}],"curies":[{"name":"wp","href":"https:\/\/api.w.org\/{rel}","templated":true}]}}