{"id":67864,"date":"2023-05-11T20:26:39","date_gmt":"2023-05-12T01:26:39","guid":{"rendered":"http:\/\/globalnewsmexico.com\/sitio\/?p=67864"},"modified":"2023-05-11T20:26:44","modified_gmt":"2023-05-12T01:26:44","slug":"turna-congreso-a-comision-iniciativa-de-reforma-a-ley-de-los-cuerpos-de-bomberos","status":"publish","type":"post","link":"https:\/\/globalnewsmexico.com\/sitio\/turna-congreso-a-comision-iniciativa-de-reforma-a-ley-de-los-cuerpos-de-bomberos\/","title":{"rendered":"Turna Congreso a Comisi\u00f3n iniciativa de reforma a Ley de los Cuerpos de Bomberos"},"content":{"rendered":"\n<p>XALAPA, VER.- 2 DE MAYO DEL 2023<\/p>\n\n\n\n<p>\u2022 Analizar\u00e1 la Comisi\u00f3n Permanente de Protecci\u00f3n Civil la propuesta del gobernador Cuitl\u00e1huac Garc\u00eda Jim\u00e9nez.<\/p>\n\n\n\n<p>La Mesa Directiva de la LXVI Legislatura turn\u00f3 a la Comisi\u00f3n Permanente de Protecci\u00f3n Civil la iniciativa enviada por el gobernador del estado, ingeniero Cuitl\u00e1huac Garc\u00eda Jim\u00e9nez, que reforma y deroga diversas disposiciones de la Ley de los Cuerpos de Bomberos del Estado de Veracruz de Ignacio de la Llave.<\/p>\n\n\n\n<p>De acuerdo con el documento, la colaboraci\u00f3n entre los Cuerpos de Bomberos y las autoridades competentes obedece a la regionalizaci\u00f3n que habr\u00e1 de observarse para la instalaci\u00f3n de las Comandancias y Jefatura de Estaciones o Sub-estaciones necesarias en el territorio veracruzano.<\/p>\n\n\n\n<p>La iniciativa, refiere, va encaminada a fortalecer la organizaci\u00f3n de los Cuerpos de Bomberos, estableciendo niveles jer\u00e1rquicos, as\u00ed como la estructura, tanto de las estaciones como de las sub-estaciones, de acuerdo con su capacidad presupuestal y t\u00e9cnica, con la finalidad de que exista homogeneidad en toda la entidad.<\/p>\n\n\n\n<p>Lo anterior, generar\u00eda una mayor coordinaci\u00f3n, ya que se ver\u00eda reducido el tiempo de respuesta en la atenci\u00f3n de emergencias, dando como resultado mayor celeridad y calidad en la salvaguarda de la integridad f\u00edsica y los bienes de la poblaci\u00f3n.<\/p>\n\n\n\n<p>Tambi\u00e9n, se hace \u00e9nfasis en las atribuciones con las que cuentan los ayuntamientos, ya que en la Ley Org\u00e1nica y la Ley de Protecci\u00f3n Civil y la Reducci\u00f3n de Riesgo de Desastres para el Estado se establece que cada Ayuntamiento podr\u00e1, de acuerdo con su capacidad presupuestal, considerar una partida espec\u00edfica para destinarla a los Cuerpos de Bomberos, a fin que estos puedas cubrir sus gastos de operaci\u00f3n.<\/p>\n\n\n\n<p>Con el prop\u00f3sito de contribuir e impulsar la cultura de la protecci\u00f3n civil y la reducci\u00f3n del riesgo de desastres, se establece que los Cuerpos de Bomberos podr\u00e1n instrumentar programas permanentes de capacitaci\u00f3n para la prevenci\u00f3n y mitigaci\u00f3n de riesgos de incendio, dirigido a ni\u00f1as, ni\u00f1os, adolescentes, adultos mayores y personas con discapacidad.<\/p>\n\n\n\n<p>Adem\u00e1s, podr\u00e1n impartir cursos b\u00e1sicos desde temprana edad, con el objetivo de proporcionar conocimientos integrales y habilidades para fortalecer la salvaguarda, integridad f\u00edsica y salud de las personas, su patrimonio y entorno. Los programas de capacitaci\u00f3n considerar\u00e1n los enfoques transversales de perspectiva de g\u00e9nero, derechos humanos e interculturalidad, lo cual impactar\u00e1 en la toma de decisiones.<\/p>\n\n\n\n<p>Fuente: Redacci\u00f3n<\/p>\n\n\n\n<p><\/p>\n","protected":false},"excerpt":{"rendered":"<p>XALAPA, VER.- 2 DE MAYO DEL 2023 \u2022 Analizar\u00e1 la Comisi\u00f3n Permanente de Protecci\u00f3n Civil la propuesta del gobernador Cuitl\u00e1huac Garc\u00eda Jim\u00e9nez. La Mesa Directiva de la LXVI Legislatura turn\u00f3 a la Comisi\u00f3n Permanente de Protecci\u00f3n Civil la iniciativa enviada por el gobernador del estado, ingeniero Cuitl\u00e1huac Garc\u00eda Jim\u00e9nez, que reforma y deroga diversas disposiciones<a class=\"read-more\" href=\"https:\/\/globalnewsmexico.com\/sitio\/turna-congreso-a-comision-iniciativa-de-reforma-a-ley-de-los-cuerpos-de-bomberos\/\">Leer m\u00e1s<\/a><\/p>\n","protected":false},"author":5,"featured_media":67865,"comment_status":"closed","ping_status":"open","sticky":false,"template":"","format":"standard","meta":{"spay_email":"","footnotes":""},"categories":[37,8,50,52],"tags":[],"jetpack_featured_media_url":"https:\/\/i0.wp.com\/globalnewsmexico.com\/sitio\/wp-content\/uploads\/2023\/05\/2-de-mayo.jpg?fit=1040%2C694&ssl=1","jetpack_sharing_enabled":true,"jetpack_shortlink":"https:\/\/wp.me\/p9yqPL-hEA","jetpack_likes_enabled":true,"_links":{"self":[{"href":"https:\/\/globalnewsmexico.com\/sitio\/wp-json\/wp\/v2\/posts\/67864"}],"collection":[{"href":"https:\/\/globalnewsmexico.com\/sitio\/wp-json\/wp\/v2\/posts"}],"about":[{"href":"https:\/\/globalnewsmexico.com\/sitio\/wp-json\/wp\/v2\/types\/post"}],"author":[{"embeddable":true,"href":"https:\/\/globalnewsmexico.com\/sitio\/wp-json\/wp\/v2\/users\/5"}],"replies":[{"embeddable":true,"href":"https:\/\/globalnewsmexico.com\/sitio\/wp-json\/wp\/v2\/comments?post=67864"}],"version-history":[{"count":0,"href":"https:\/\/globalnewsmexico.com\/sitio\/wp-json\/wp\/v2\/posts\/67864\/revisions"}],"wp:featuredmedia":[{"embeddable":true,"href":"https:\/\/globalnewsmexico.com\/sitio\/wp-json\/wp\/v2\/media\/67865"}],"wp:attachment":[{"href":"https:\/\/globalnewsmexico.com\/sitio\/wp-json\/wp\/v2\/media?parent=67864"}],"wp:term":[{"taxonomy":"category","embeddable":true,"href":"https:\/\/globalnewsmexico.com\/sitio\/wp-json\/wp\/v2\/categories?post=67864"},{"taxonomy":"post_tag","embeddable":true,"href":"https:\/\/globalnewsmexico.com\/sitio\/wp-json\/wp\/v2\/tags?post=67864"}],"curies":[{"name":"wp","href":"https:\/\/api.w.org\/{rel}","templated":true}]}}