{"id":67911,"date":"2023-05-16T23:43:06","date_gmt":"2023-05-17T04:43:06","guid":{"rendered":"http:\/\/globalnewsmexico.com\/sitio\/?p=67911"},"modified":"2023-05-16T23:43:12","modified_gmt":"2023-05-17T04:43:12","slug":"maestras-y-maestros-parlamento-veracruz-juan-javier-gomez-cazarin","status":"publish","type":"post","link":"https:\/\/globalnewsmexico.com\/sitio\/maestras-y-maestros-parlamento-veracruz-juan-javier-gomez-cazarin\/","title":{"rendered":"Maestras y maestros. Parlamento Veracruz. Juan Javier G\u00f3mez Cazar\u00edn*"},"content":{"rendered":"\n<p>XALAPA, VER.- 16 DE MAYO DEL 2023<\/p>\n\n\n\n<p>Hoy no se habla de otra cosa m\u00e1s que de felicitar al magisterio. Desde luego, me uno con mucho cari\u00f1o a las muestras de admiraci\u00f3n, respeto y gratitud hacia las maestras y maestros de Veracruz.<\/p>\n\n\n\n<p>A las maestras y los maestros que durante mi formaci\u00f3n me tuvieron paciencia, me ense\u00f1aron mucho de lo que s\u00e9 y, de alguna manera, dejaron huella en mi forma de ser.<\/p>\n\n\n\n<p>Pero creo que es importante ir m\u00e1s all\u00e1 de las felicitaciones: debemos reflexionar sobre el papel que cumplen en la sociedad, sobre sus desaf\u00edos como gremio y sobre la importancia que debemos dar al sector educativo.<\/p>\n\n\n\n<p>En el terreno pol\u00edtico, vale la pena reflexionar sobre el sistema educativo que nos heredaron 30 a\u00f1os de gobiernos neoliberales.<\/p>\n\n\n\n<p>Infraestructura decadente, deserci\u00f3n escolar por carecer de recursos econ\u00f3micos hasta para pagar el autob\u00fas de ida y vuelta a la escuela; ni\u00f1as, ni\u00f1os y j\u00f3venes sin concentraci\u00f3n para estudiar porque iban con el est\u00f3mago vac\u00edo o adormilados porque se tuvieron que despertar m\u00e1s temprano de lo habitual. La herencia que nos dejaron es que s\u00f3lo uno de cada tres ni\u00f1os que entra a la primaria llegar\u00e1 a terminar la universidad. Incluso aquellos que terminan la preparatoria \u2013que tampoco son todos- se topan con una pared para entrar a cualquier universidad o tecnol\u00f3gico.<\/p>\n\n\n\n<p>Los gobiernos neoliberales no pod\u00edan admitir que era culpa de ellos. Pero hab\u00eda que echarle la culpa a alguien, \u00bfno? Le pensaron tantito \u2013no mucho- y dijeron: \u00a1claro! \u00a1vamos a decir que es culpa de los maestros!<\/p>\n\n\n\n<p>Les dijeron \u201crevoltosos\u201d porque, con justa raz\u00f3n, se manifestaban contra los atropellos laborales hacia ellos. Les dijeron \u201cflojos\u201d, porque tienen vacaciones, sin tomar en cuenta que para ellas y ellos las vacaciones son m\u00e1s cortas porque necesitan capacitarse, que procuran trabajar dos turnos porque un sueldo es insuficiente y que las planeaciones escolares y los reportes los tienen que hacer en el tiempo que supuestamente tienen libre, a veces en horas de la madrugada.<\/p>\n\n\n\n<p>Y entonces sacaron la mal llamada reforma educativa que estaba dise\u00f1ada para que maestras y maestros pagaran los platos rotos, cuando era precisamente al rev\u00e9s: las maestras y maestros eran el factor que mantuvo de pie al sistema educativo en M\u00e9xico.<\/p>\n\n\n\n<p>En el 2018, esa actitud del gobierno cambi\u00f3 con la llegada del presidente Andr\u00e9s Manuel L\u00f3pez Obrador. Y, en Veracruz, lleg\u00f3 un gobernador que es maestro de preparatoria y de universidad, Cuitl\u00e1huac Garc\u00eda Jim\u00e9nez.<\/p>\n\n\n\n<p>En la Legislatura pasada tuvimos el gusto de votar a favor de revertir la dizque reforma educativa de Enrique Pe\u00f1a Nieto y, en lo que va de su administraci\u00f3n, el gobernador Cuitl\u00e1huac ha basificado a m\u00e1s de 29 mil docentes. Hoy, el Presidente anunci\u00f3 un aumento de sueldo de m\u00e1s del 8 por ciento, retroactivo a enero.<\/p>\n\n\n\n<p>\u00bfTenemos el sistema educativo que nos gustar\u00eda? No. Todav\u00eda se est\u00e1 trabajando en mejorar los planteles \u2013la mayor\u00eda ni a escrituras de propiedad llegaban-, en becar ni\u00f1as y ni\u00f1os de bajos recursos, en ofrecer espacios alternos a quienes no queden en la universidad que quer\u00edan.<\/p>\n\n\n\n<p>Sobre todo: cambi\u00f3 el modelo de culpar a las maestras y los maestros.<\/p>\n\n\n\n<p>A las maestras y los maestros hay que felicitarlos y declararles nuestra gratitud y reconocimiento. Pero siempre es mejor demostr\u00e1rselo con hechos.<\/p>\n\n\n\n<p>*Presidente de la Junta de Coordinaci\u00f3n Pol\u00edtica del Congreso de Veracruz.<\/p>\n\n\n\n<p>Fuente: Redacci\u00f3n <\/p>\n\n\n\n<p><\/p>\n","protected":false},"excerpt":{"rendered":"<p>XALAPA, VER.- 16 DE MAYO DEL 2023 Hoy no se habla de otra cosa m\u00e1s que de felicitar al magisterio. Desde luego, me uno con mucho cari\u00f1o a las muestras de admiraci\u00f3n, respeto y gratitud hacia las maestras y maestros de Veracruz. A las maestras y los maestros que durante mi formaci\u00f3n me tuvieron paciencia,<a class=\"read-more\" href=\"https:\/\/globalnewsmexico.com\/sitio\/maestras-y-maestros-parlamento-veracruz-juan-javier-gomez-cazarin\/\">Leer m\u00e1s<\/a><\/p>\n","protected":false},"author":5,"featured_media":67912,"comment_status":"closed","ping_status":"open","sticky":false,"template":"","format":"standard","meta":{"spay_email":"","footnotes":""},"categories":[8,54,50,52],"tags":[],"jetpack_featured_media_url":"https:\/\/i0.wp.com\/globalnewsmexico.com\/sitio\/wp-content\/uploads\/2023\/05\/16-de-mayo-2.jpg?fit=1040%2C736&ssl=1","jetpack_sharing_enabled":true,"jetpack_shortlink":"https:\/\/wp.me\/p9yqPL-hFl","jetpack_likes_enabled":true,"_links":{"self":[{"href":"https:\/\/globalnewsmexico.com\/sitio\/wp-json\/wp\/v2\/posts\/67911"}],"collection":[{"href":"https:\/\/globalnewsmexico.com\/sitio\/wp-json\/wp\/v2\/posts"}],"about":[{"href":"https:\/\/globalnewsmexico.com\/sitio\/wp-json\/wp\/v2\/types\/post"}],"author":[{"embeddable":true,"href":"https:\/\/globalnewsmexico.com\/sitio\/wp-json\/wp\/v2\/users\/5"}],"replies":[{"embeddable":true,"href":"https:\/\/globalnewsmexico.com\/sitio\/wp-json\/wp\/v2\/comments?post=67911"}],"version-history":[{"count":0,"href":"https:\/\/globalnewsmexico.com\/sitio\/wp-json\/wp\/v2\/posts\/67911\/revisions"}],"wp:featuredmedia":[{"embeddable":true,"href":"https:\/\/globalnewsmexico.com\/sitio\/wp-json\/wp\/v2\/media\/67912"}],"wp:attachment":[{"href":"https:\/\/globalnewsmexico.com\/sitio\/wp-json\/wp\/v2\/media?parent=67911"}],"wp:term":[{"taxonomy":"category","embeddable":true,"href":"https:\/\/globalnewsmexico.com\/sitio\/wp-json\/wp\/v2\/categories?post=67911"},{"taxonomy":"post_tag","embeddable":true,"href":"https:\/\/globalnewsmexico.com\/sitio\/wp-json\/wp\/v2\/tags?post=67911"}],"curies":[{"name":"wp","href":"https:\/\/api.w.org\/{rel}","templated":true}]}}