{"id":67929,"date":"2023-05-23T18:12:01","date_gmt":"2023-05-23T23:12:01","guid":{"rendered":"http:\/\/globalnewsmexico.com\/sitio\/?p=67929"},"modified":"2023-05-23T18:12:06","modified_gmt":"2023-05-23T23:12:06","slug":"designa-congreso-a-acreedora-a-la-medalla-al-merito-del-medio-ambiente","status":"publish","type":"post","link":"https:\/\/globalnewsmexico.com\/sitio\/designa-congreso-a-acreedora-a-la-medalla-al-merito-del-medio-ambiente\/","title":{"rendered":"Designa Congreso a acreedora a la Medalla al M\u00e9rito del Medio Ambiente"},"content":{"rendered":"\n<p>XALAPA, VER.- 22 DE MAYO DEL 2023<\/p>\n\n\n\n<p>\u2022 Eligen a la doctora Fabiola Sandoval Salas para recibir la condecoraci\u00f3n en Sesi\u00f3n Solemne.<\/p>\n\n\n\n<p>La LXVI Legislatura del estado design\u00f3 a la doctora Fabiola Sandoval Salas acreedora a la Medalla al M\u00e9rito por la Defensa y Mejora del Medio Ambiente correspondiente a este a\u00f1o.<\/p>\n\n\n\n<p>Al celebrar la Cuarta Sesi\u00f3n Ordinaria del Segundo Per\u00edodo Ordinario del Segundo A\u00f1o de Ejercicio Constitucional, el Pleno legislativo vot\u00f3 y aprob\u00f3 el dictamen de la Comisi\u00f3n Permanente de Medio Ambiente, Recursos Naturales y Cambio Clim\u00e1tico, en el que esta instancia propone una terna de candidatas de la Medalla al M\u00e9rito por la Defensa y Mejora del Medio Ambiente<\/p>\n\n\n\n<p>Mediante votaci\u00f3n nominal, el Pleno de la LXVI Legislatura eligi\u00f3 a la doctora Fabiola Sandoval Salas, quien cumpli\u00f3 todos los requisitos establecidos en la Convocatoria aprobada y emitida en abril pasado por el diputado Paul Mart\u00ednez Marie y las legisladoras Nora J\u00e9ssica Lagunes J\u00e1uregui y Gisela L\u00f3pez L\u00f3pez, presidente, secretaria y vocal de la Comisi\u00f3n Permanente de Medio Ambiente, Recursos Naturales y Cambio Clim\u00e1tico.<\/p>\n\n\n\n<p>Concluida la vigencia de la convocatoria, dicha instancia seleccion\u00f3 de entre las propuestas a tres que, a su juicio, fueron las de mayor m\u00e9rito para recibir la distinci\u00f3n. Esa misma comisi\u00f3n elabor\u00f3, firm\u00f3 y present\u00f3 al Pleno el dictamen con la terna, de la cual, las y los integrantes de este Congreso eligieron a quien consideraron re\u00fane los merecimientos necesarios.<\/p>\n\n\n\n<p>La Medalla al M\u00e9rito por la Defensa y Mejora del Medio Ambiente ser\u00e1 entregada en Sesi\u00f3n Solemne del Congreso del Estado el 5 de junio de este a\u00f1o, con la presencia del y las titulares de los tres poderes del Estado. La doctora Fabiola Sandoval Salas recibir\u00e1 tambi\u00e9n un diploma en el que ser\u00e1n expresadas las razones por las que se le conferir\u00e1 esta distinci\u00f3n.<\/p>\n\n\n\n<p><\/p>\n\n\n\n<p>Fuente: Redacci\u00f3n<\/p>\n\n\n\n<p><\/p>\n","protected":false},"excerpt":{"rendered":"<p>XALAPA, VER.- 22 DE MAYO DEL 2023 \u2022 Eligen a la doctora Fabiola Sandoval Salas para recibir la condecoraci\u00f3n en Sesi\u00f3n Solemne. La LXVI Legislatura del estado design\u00f3 a la doctora Fabiola Sandoval Salas acreedora a la Medalla al M\u00e9rito por la Defensa y Mejora del Medio Ambiente correspondiente a este a\u00f1o. Al celebrar la<a class=\"read-more\" href=\"https:\/\/globalnewsmexico.com\/sitio\/designa-congreso-a-acreedora-a-la-medalla-al-merito-del-medio-ambiente\/\">Leer m\u00e1s<\/a><\/p>\n","protected":false},"author":5,"featured_media":67930,"comment_status":"closed","ping_status":"open","sticky":false,"template":"","format":"standard","meta":{"spay_email":"","footnotes":""},"categories":[37,8,50,52],"tags":[],"jetpack_featured_media_url":"https:\/\/i1.wp.com\/globalnewsmexico.com\/sitio\/wp-content\/uploads\/2023\/05\/22-de-mayo-1.jpg?fit=1040%2C693&ssl=1","jetpack_sharing_enabled":true,"jetpack_shortlink":"https:\/\/wp.me\/p9yqPL-hFD","jetpack_likes_enabled":true,"_links":{"self":[{"href":"https:\/\/globalnewsmexico.com\/sitio\/wp-json\/wp\/v2\/posts\/67929"}],"collection":[{"href":"https:\/\/globalnewsmexico.com\/sitio\/wp-json\/wp\/v2\/posts"}],"about":[{"href":"https:\/\/globalnewsmexico.com\/sitio\/wp-json\/wp\/v2\/types\/post"}],"author":[{"embeddable":true,"href":"https:\/\/globalnewsmexico.com\/sitio\/wp-json\/wp\/v2\/users\/5"}],"replies":[{"embeddable":true,"href":"https:\/\/globalnewsmexico.com\/sitio\/wp-json\/wp\/v2\/comments?post=67929"}],"version-history":[{"count":0,"href":"https:\/\/globalnewsmexico.com\/sitio\/wp-json\/wp\/v2\/posts\/67929\/revisions"}],"wp:featuredmedia":[{"embeddable":true,"href":"https:\/\/globalnewsmexico.com\/sitio\/wp-json\/wp\/v2\/media\/67930"}],"wp:attachment":[{"href":"https:\/\/globalnewsmexico.com\/sitio\/wp-json\/wp\/v2\/media?parent=67929"}],"wp:term":[{"taxonomy":"category","embeddable":true,"href":"https:\/\/globalnewsmexico.com\/sitio\/wp-json\/wp\/v2\/categories?post=67929"},{"taxonomy":"post_tag","embeddable":true,"href":"https:\/\/globalnewsmexico.com\/sitio\/wp-json\/wp\/v2\/tags?post=67929"}],"curies":[{"name":"wp","href":"https:\/\/api.w.org\/{rel}","templated":true}]}}