{"id":67950,"date":"2023-05-30T17:29:58","date_gmt":"2023-05-30T22:29:58","guid":{"rendered":"http:\/\/globalnewsmexico.com\/sitio\/?p=67950"},"modified":"2023-05-30T17:30:03","modified_gmt":"2023-05-30T22:30:03","slug":"realiza-congreso-local-consultas-a-pueblos-afromexicanos","status":"publish","type":"post","link":"https:\/\/globalnewsmexico.com\/sitio\/realiza-congreso-local-consultas-a-pueblos-afromexicanos\/","title":{"rendered":"Realiza Congreso local consultas a pueblos afromexicanos"},"content":{"rendered":"\n<p>XALAPA, VER.- 30 DE MAYO DEL 2023<\/p>\n\n\n\n<p>\u2022 Da cumplimiento Poder Legislativo a las sentencias de la SCJN en relaci\u00f3n con las acciones de inconstitucionalidad 210\/2020 y 241\/2020 y sus acumuladas.<\/p>\n\n\n\n<p>El Congreso del Estado de Veracruz realiz\u00f3 los foros de consulta p\u00fablica previa, libre, informada y culturalmente adecuada con autoridades de 68 comunidades de pueblos afromexicanos, como parte del cumplimiento con las sentencias de la Suprema Corte de Justicia de la Naci\u00f3n (SCJN), en relaci\u00f3n con las acciones de inconstitucionalidad 210\/2020 y 241\/2020 y sus acumuladas.<\/p>\n\n\n\n<p>Este acto, encabezado por la presidenta de la Mesa Directiva, diputada Margarita Corro Mendoza, registr\u00f3 la participaci\u00f3n del diputado Luis Fernando Cervantes Cruz y la diputada Rosalinda Galindo Silva, presidente y vocal, respectivamente, de la Comisi\u00f3n Permanente de Justicia y Puntos Constitucionales, adem\u00e1s de la titular de la Representaci\u00f3n Estatal del Instituto Nacional de los Pueblos Ind\u00edgenas (INPI), Magdalena Hern\u00e1ndez Hern\u00e1ndez y el director de Asuntos Jur\u00eddicos de la Comisi\u00f3n Estatal de Derechos Humanos (CEDH), Miguel \u00c1ngel C\u00f3rdova \u00c1lvarez.<\/p>\n\n\n\n<p>Tambi\u00e9n, de los diputados Bonifacio Castillo Cruz y Jos\u00e9 Luis Tehuintle Xocua y la diputada Lidia Irma Mezhua Campos, presidente, secretario y vocal, respectivamente, de la Comisi\u00f3n Permanente de Asuntos Ind\u00edgenas y de las Comunidades Afrodescendientes; de la directora de Servicios Jur\u00eddicos, Lilia Christfield Lugo, y del secretario t\u00e9cnico de la Secretar\u00eda General, Marco Lara Quiroz, ambos del Congreso local.<\/p>\n\n\n\n<p>En primer t\u00e9rmino y en relaci\u00f3n con la sentencia 210\/2020 se realiz\u00f3 el di\u00e1logo con representantes de comunidades afromexicanas, sobre el texto propuesto de reforma al p\u00e1rrafo s\u00e9ptimo del Art\u00edculo 5 de la Constituci\u00f3n Pol\u00edtica del Estado de Veracruz.<\/p>\n\n\n\n<p>El citado Art\u00edculo refiere \u201cEsta Constituci\u00f3n reconoce a los pueblos y comunidades afromexicanas, cualquiera que sea su autodenominaci\u00f3n, como parte del proceso pluricultural de Veracruz. Tendr\u00e1n en lo conducente los derechos se\u00f1alados en el presente art\u00edculo en los t\u00e9rminos que establezcan las leyes, a fin de garantizar su libre determinaci\u00f3n, autonom\u00eda, desarrollo e inclusi\u00f3n. Corresponde al Estado promover y proteger el patrimonio cultural y natural de las comunidades afrodescendientes radicados en la Entidad, a trav\u00e9s de la implementaci\u00f3n de las pol\u00edticas p\u00fablicas pertinentes\u201d.<\/p>\n\n\n\n<p>Tras el di\u00e1logo con las mujeres y hombres afromexicanas de la entidad y la conformaci\u00f3n de un Comit\u00e9 de Seguimiento, integrado paritariamente, se procedi\u00f3 a la clausura de los trabajos de esta consulta para, posteriormente, iniciar con el procedimiento relativo a la acci\u00f3n de inconstitucionalidad 241\/2020 y sus acumuladas en relaci\u00f3n con reformas a la Constituci\u00f3n Pol\u00edtica Local, al C\u00f3digo Electoral del estado y a la Ley Org\u00e1nica del Municipio Libre, con materia sobre el ejercicio de sus derechos en las formas propias de gobierno interno.<\/p>\n\n\n\n<p>En este acto particip\u00f3, adem\u00e1s de la Comisi\u00f3n de Asuntos Ind\u00edgenas y de las Comunidades Afrodescendientes, la presidenta de la Comisi\u00f3n de Organizaci\u00f3n Pol\u00edtica y Procesos Electorales, Illya Dolores Escobar Mart\u00ednez, instancias involucradas con los temas a consultar.<\/p>\n\n\n\n<p><\/p>\n\n\n\n<p>Fuente: Redacci\u00f3n<\/p>\n\n\n\n<p><\/p>\n","protected":false},"excerpt":{"rendered":"<p>XALAPA, VER.- 30 DE MAYO DEL 2023 \u2022 Da cumplimiento Poder Legislativo a las sentencias de la SCJN en relaci\u00f3n con las acciones de inconstitucionalidad 210\/2020 y 241\/2020 y sus acumuladas. El Congreso del Estado de Veracruz realiz\u00f3 los foros de consulta p\u00fablica previa, libre, informada y culturalmente adecuada con autoridades de 68 comunidades de<a class=\"read-more\" href=\"https:\/\/globalnewsmexico.com\/sitio\/realiza-congreso-local-consultas-a-pueblos-afromexicanos\/\">Leer m\u00e1s<\/a><\/p>\n","protected":false},"author":5,"featured_media":67951,"comment_status":"closed","ping_status":"open","sticky":false,"template":"","format":"standard","meta":{"spay_email":"","footnotes":""},"categories":[37,8,50,52],"tags":[],"jetpack_featured_media_url":"https:\/\/i1.wp.com\/globalnewsmexico.com\/sitio\/wp-content\/uploads\/2023\/05\/30-de-mayo.jpg?fit=1040%2C648&ssl=1","jetpack_sharing_enabled":true,"jetpack_shortlink":"https:\/\/wp.me\/p9yqPL-hFY","jetpack_likes_enabled":true,"_links":{"self":[{"href":"https:\/\/globalnewsmexico.com\/sitio\/wp-json\/wp\/v2\/posts\/67950"}],"collection":[{"href":"https:\/\/globalnewsmexico.com\/sitio\/wp-json\/wp\/v2\/posts"}],"about":[{"href":"https:\/\/globalnewsmexico.com\/sitio\/wp-json\/wp\/v2\/types\/post"}],"author":[{"embeddable":true,"href":"https:\/\/globalnewsmexico.com\/sitio\/wp-json\/wp\/v2\/users\/5"}],"replies":[{"embeddable":true,"href":"https:\/\/globalnewsmexico.com\/sitio\/wp-json\/wp\/v2\/comments?post=67950"}],"version-history":[{"count":0,"href":"https:\/\/globalnewsmexico.com\/sitio\/wp-json\/wp\/v2\/posts\/67950\/revisions"}],"wp:featuredmedia":[{"embeddable":true,"href":"https:\/\/globalnewsmexico.com\/sitio\/wp-json\/wp\/v2\/media\/67951"}],"wp:attachment":[{"href":"https:\/\/globalnewsmexico.com\/sitio\/wp-json\/wp\/v2\/media?parent=67950"}],"wp:term":[{"taxonomy":"category","embeddable":true,"href":"https:\/\/globalnewsmexico.com\/sitio\/wp-json\/wp\/v2\/categories?post=67950"},{"taxonomy":"post_tag","embeddable":true,"href":"https:\/\/globalnewsmexico.com\/sitio\/wp-json\/wp\/v2\/tags?post=67950"}],"curies":[{"name":"wp","href":"https:\/\/api.w.org\/{rel}","templated":true}]}}