{"id":67965,"date":"2023-06-03T23:33:00","date_gmt":"2023-06-04T04:33:00","guid":{"rendered":"http:\/\/globalnewsmexico.com\/sitio\/?p=67965"},"modified":"2023-06-03T23:33:05","modified_gmt":"2023-06-04T04:33:05","slug":"en-4-sedes-regionales-realiza-congreso-local-consulta-a-pueblos-indigenas","status":"publish","type":"post","link":"https:\/\/globalnewsmexico.com\/sitio\/en-4-sedes-regionales-realiza-congreso-local-consulta-a-pueblos-indigenas\/","title":{"rendered":"En 4 sedes regionales, realiza Congreso local Consulta a pueblos ind\u00edgenas"},"content":{"rendered":"\n<p>XALAPA, VER.- 2 DE MAYO DEL 2023<\/p>\n\n\n\n<p>\u2022 Zongolica, Tlachichilco, Papantla y Acayucan concentraron a cientos de personas que expusieron sus argumentos y posturas en relaci\u00f3n con el tema.<\/p>\n\n\n\n<p>En cumplimiento de las sentencias emitidas por la Suprema Corte de Justicia de la Naci\u00f3n (SCJN) relacionadas con las Acciones de Inconstitucionalidad 148\/2020 y 241\/2020 y sus acumuladas, el Congreso de Estado de Veracruz realiz\u00f3, este jueves 1 de junio, en las sedes regionales de Zongolica, Tlachichilco, Papantla y Acayucan, la fase de acuerdos previos e informativa de las Consultas Previas, Libres, Informadas y Culturalmente Adecuadas a pueblos y comunidades ind\u00edgenas del estado.<\/p>\n\n\n\n<p>Con la participaci\u00f3n de representantes de la Comisi\u00f3n Estatal de Derechos Humanos (CEDH) y de la Representaci\u00f3n Estatal del Instituto Nacional de los Pueblos Ind\u00edgenas (INPI), el Congreso local condujo los trabajos de este ejercicio democr\u00e1tico de participaci\u00f3n ciudadana, por conducto de la titular de la Direcci\u00f3n de Servicios Jur\u00eddicos, Lilia Christfield Lugo, y del secretario t\u00e9cnico de la Secretar\u00eda General, Marco Lara Quiroz.<\/p>\n\n\n\n<p>El objetivo de la Consulta fue escuchar, conocer y recibir las aportaciones de los pueblos y comunidades ind\u00edgenas respecto a modificaciones hechas por el Poder Legislativo estatal y que est\u00e1n relacionadas con la autoorganizaci\u00f3n y gobierno internos de los citados pueblos, sobre la elecci\u00f3n de sus representantes ante los ayuntamientos, la dimensi\u00f3n de la paridad de g\u00e9nero en sus procedimientos democr\u00e1ticos y la forma en que el Organismo P\u00fablico Local Electoral (OPLE) adopta las medidas de apoyo, en coordinaci\u00f3n con autoridades tradicionales.<\/p>\n\n\n\n<p>En las cuatro sedes regionales se registr\u00f3 una alta participaci\u00f3n de las personas involucradas en el tema y con la asistencia de las diputadas Lidia Irma Mezhua Campos e Illya Dolores Escobar Mart\u00ednez, del diputado Jos\u00e9 Luis Tehuintle Xocua, as\u00ed como personal administrativo de este Congreso, se dio a conocer los proyectos de Protocolos y Convocatorias de las consultas, demostrando as\u00ed el compromiso de la LXVI Legislatura con los pueblos y comunidades ind\u00edgenas.<\/p>\n\n\n\n<p>Tras el di\u00e1logo directo con los miembros de pueblos y comunidades ind\u00edgenas fue conformado un Comit\u00e9 de Seguimiento y, posteriormente, se procedi\u00f3 a la firma del Acta respectiva y a la clausura de los trabajos.<\/p>\n\n\n\n<p>En la organizaci\u00f3n y coordinaci\u00f3n de estos trabajos participaron tambi\u00e9n la secretaria de Servicios Legislativos, Virna Frizzi Quirasco, y la subdirectora de Servicios Jur\u00eddicos, Ariadna Dom\u00ednguez Peralta.<\/p>\n\n\n\n<p><\/p>\n\n\n\n<p>Fuente: Redacci\u00f3n<\/p>\n\n\n\n<p><\/p>\n","protected":false},"excerpt":{"rendered":"<p>XALAPA, VER.- 2 DE MAYO DEL 2023 \u2022 Zongolica, Tlachichilco, Papantla y Acayucan concentraron a cientos de personas que expusieron sus argumentos y posturas en relaci\u00f3n con el tema. En cumplimiento de las sentencias emitidas por la Suprema Corte de Justicia de la Naci\u00f3n (SCJN) relacionadas con las Acciones de Inconstitucionalidad 148\/2020 y 241\/2020 y<a class=\"read-more\" href=\"https:\/\/globalnewsmexico.com\/sitio\/en-4-sedes-regionales-realiza-congreso-local-consulta-a-pueblos-indigenas\/\">Leer m\u00e1s<\/a><\/p>\n","protected":false},"author":5,"featured_media":67966,"comment_status":"closed","ping_status":"open","sticky":false,"template":"","format":"standard","meta":{"spay_email":"","footnotes":""},"categories":[37,8,50,52],"tags":[],"jetpack_featured_media_url":"https:\/\/i0.wp.com\/globalnewsmexico.com\/sitio\/wp-content\/uploads\/2023\/06\/2-de-mayo.jpg?fit=1040%2C780&ssl=1","jetpack_sharing_enabled":true,"jetpack_shortlink":"https:\/\/wp.me\/p9yqPL-hGd","jetpack_likes_enabled":true,"_links":{"self":[{"href":"https:\/\/globalnewsmexico.com\/sitio\/wp-json\/wp\/v2\/posts\/67965"}],"collection":[{"href":"https:\/\/globalnewsmexico.com\/sitio\/wp-json\/wp\/v2\/posts"}],"about":[{"href":"https:\/\/globalnewsmexico.com\/sitio\/wp-json\/wp\/v2\/types\/post"}],"author":[{"embeddable":true,"href":"https:\/\/globalnewsmexico.com\/sitio\/wp-json\/wp\/v2\/users\/5"}],"replies":[{"embeddable":true,"href":"https:\/\/globalnewsmexico.com\/sitio\/wp-json\/wp\/v2\/comments?post=67965"}],"version-history":[{"count":0,"href":"https:\/\/globalnewsmexico.com\/sitio\/wp-json\/wp\/v2\/posts\/67965\/revisions"}],"wp:featuredmedia":[{"embeddable":true,"href":"https:\/\/globalnewsmexico.com\/sitio\/wp-json\/wp\/v2\/media\/67966"}],"wp:attachment":[{"href":"https:\/\/globalnewsmexico.com\/sitio\/wp-json\/wp\/v2\/media?parent=67965"}],"wp:term":[{"taxonomy":"category","embeddable":true,"href":"https:\/\/globalnewsmexico.com\/sitio\/wp-json\/wp\/v2\/categories?post=67965"},{"taxonomy":"post_tag","embeddable":true,"href":"https:\/\/globalnewsmexico.com\/sitio\/wp-json\/wp\/v2\/tags?post=67965"}],"curies":[{"name":"wp","href":"https:\/\/api.w.org\/{rel}","templated":true}]}}