{"id":67977,"date":"2023-06-07T21:03:35","date_gmt":"2023-06-08T02:03:35","guid":{"rendered":"http:\/\/globalnewsmexico.com\/sitio\/?p=67977"},"modified":"2023-06-07T21:03:40","modified_gmt":"2023-06-08T02:03:40","slug":"interesa-a-alumnos-de-la-ux-el-proyecto-dedicado-a-los-heroes-de-la-salud","status":"publish","type":"post","link":"https:\/\/globalnewsmexico.com\/sitio\/interesa-a-alumnos-de-la-ux-el-proyecto-dedicado-a-los-heroes-de-la-salud\/","title":{"rendered":"Interesa a alumnos de la UX el proyecto dedicado a los H\u00e9roes de la Salud"},"content":{"rendered":"\n<p>XALAPA, VER.- 7 DE JUNIO DEL 2023<\/p>\n\n\n\n<p>\u2022 Responden a la convocatoria emanada del Decreto 470, publicado en la Gaceta Oficial N\u00famero Extraordinario 086, del 1 de marzo de 2023.<\/p>\n\n\n\n<p>En respuesta a la Convocatoria para la elaboraci\u00f3n del proyecto de Monumento en Memoria de las y los H\u00e9roes Veracruzanos de la Salud, que fallecieron en cumplimento de su deber atendiendo la emergencia sanitaria por Covid-19, alumnos de la licenciatura en Arquitectura de la Universidad de Xalapa (UX) realizaron una visita de campo a las instalaciones del Palacio Legislativo para conocer el suelo, espacio y dimensiones donde podr\u00eda ser colocado este reconocimiento.<\/p>\n\n\n\n<p>El catedr\u00e1tico de esta casa de estudios, Jonathan Guillermo Espinoza Bernal, se\u00f1al\u00f3 que a este recorrido de obra asistieron seis alumnos de cuarto semestre; sin embargo \u2013agreg\u00f3- colaboran en este proyecto un total de 15, quienes est\u00e1n motivados en representar la arquitectura de nivel social, sensorial y experiencial de lo que ha pasado en la vida en los \u00faltimos tiempos como lo fue el Covid-19.<\/p>\n\n\n\n<p>Posterior a este recorrido, abund\u00f3, \u201cen el aula se asentar\u00e1n las ideas adquiridas para poder iniciar la elaboraci\u00f3n del proyecto y presentarlo de acuerdo con las fechas y plazos establecidos en la Convocatoria\u201d.<\/p>\n\n\n\n<p>Las y los j\u00f3venes estudiantes fueron recibidos y atendidos por la diputada Nora J\u00e9ssica Lagunes J\u00e1uregui, impulsora de este Monumento para reconocer a los h\u00e9roes de la salud, quien dio detalles sobre las bases de la Convocatoria P\u00fablica. Adem\u00e1s, reconoci\u00f3 el inter\u00e9s de las y los alumnos por participar en este proceso que involucra a la sociedad en su conjunto.<\/p>\n\n\n\n<p>De acuerdo con la Convocatoria, emitida por la LXVI Legislatura el pasado mes de marzo, el periodo para que las instituciones interesadas puedan inscribirse comprende del 22 al 26 de mayo y la recepci\u00f3n de los respectivos proyectos, del 23 al 27 de octubre del presente a\u00f1o.<\/p>\n\n\n\n<p>La evaluaci\u00f3n de los proyectos se efectuar\u00e1 el 6 de noviembre de este a\u00f1o, acto en el que tambi\u00e9n se dar\u00e1 a conocer la fecha en que se anunciar\u00e1 el proyecto ganador, mediante un acuerdo del comit\u00e9 evaluador. El cr\u00e9dito del nombre de la instituci\u00f3n ganadora ser\u00e1 plasmado en el Monumento.<\/p>\n\n\n\n<p><\/p>\n\n\n\n<p>Fuente: Redacci\u00f3n<\/p>\n\n\n\n<p>.<\/p>\n","protected":false},"excerpt":{"rendered":"<p>XALAPA, VER.- 7 DE JUNIO DEL 2023 \u2022 Responden a la convocatoria emanada del Decreto 470, publicado en la Gaceta Oficial N\u00famero Extraordinario 086, del 1 de marzo de 2023. En respuesta a la Convocatoria para la elaboraci\u00f3n del proyecto de Monumento en Memoria de las y los H\u00e9roes Veracruzanos de la Salud, que fallecieron<a class=\"read-more\" href=\"https:\/\/globalnewsmexico.com\/sitio\/interesa-a-alumnos-de-la-ux-el-proyecto-dedicado-a-los-heroes-de-la-salud\/\">Leer m\u00e1s<\/a><\/p>\n","protected":false},"author":5,"featured_media":67978,"comment_status":"closed","ping_status":"open","sticky":false,"template":"","format":"standard","meta":{"spay_email":"","footnotes":""},"categories":[37,44,40,50,52],"tags":[],"jetpack_featured_media_url":"https:\/\/i0.wp.com\/globalnewsmexico.com\/sitio\/wp-content\/uploads\/2023\/06\/7-de-junio-1.jpg?fit=1040%2C694&ssl=1","jetpack_sharing_enabled":true,"jetpack_shortlink":"https:\/\/wp.me\/p9yqPL-hGp","jetpack_likes_enabled":true,"_links":{"self":[{"href":"https:\/\/globalnewsmexico.com\/sitio\/wp-json\/wp\/v2\/posts\/67977"}],"collection":[{"href":"https:\/\/globalnewsmexico.com\/sitio\/wp-json\/wp\/v2\/posts"}],"about":[{"href":"https:\/\/globalnewsmexico.com\/sitio\/wp-json\/wp\/v2\/types\/post"}],"author":[{"embeddable":true,"href":"https:\/\/globalnewsmexico.com\/sitio\/wp-json\/wp\/v2\/users\/5"}],"replies":[{"embeddable":true,"href":"https:\/\/globalnewsmexico.com\/sitio\/wp-json\/wp\/v2\/comments?post=67977"}],"version-history":[{"count":0,"href":"https:\/\/globalnewsmexico.com\/sitio\/wp-json\/wp\/v2\/posts\/67977\/revisions"}],"wp:featuredmedia":[{"embeddable":true,"href":"https:\/\/globalnewsmexico.com\/sitio\/wp-json\/wp\/v2\/media\/67978"}],"wp:attachment":[{"href":"https:\/\/globalnewsmexico.com\/sitio\/wp-json\/wp\/v2\/media?parent=67977"}],"wp:term":[{"taxonomy":"category","embeddable":true,"href":"https:\/\/globalnewsmexico.com\/sitio\/wp-json\/wp\/v2\/categories?post=67977"},{"taxonomy":"post_tag","embeddable":true,"href":"https:\/\/globalnewsmexico.com\/sitio\/wp-json\/wp\/v2\/tags?post=67977"}],"curies":[{"name":"wp","href":"https:\/\/api.w.org\/{rel}","templated":true}]}}