{"id":68051,"date":"2023-06-29T19:05:35","date_gmt":"2023-06-30T00:05:35","guid":{"rendered":"http:\/\/globalnewsmexico.com\/sitio\/?p=68051"},"modified":"2023-06-29T19:05:42","modified_gmt":"2023-06-30T00:05:42","slug":"recibe-congreso-a-estudiantes-de-secundaria-de-perote","status":"publish","type":"post","link":"https:\/\/globalnewsmexico.com\/sitio\/recibe-congreso-a-estudiantes-de-secundaria-de-perote\/","title":{"rendered":"Recibe Congreso a estudiantes de secundaria, de Perote"},"content":{"rendered":"\n<p>XALAPA, VER.- 29 DE JUNIO DEL 2023<\/p>\n\n\n\n<p>Fueron atendidos por el presidente de la Junta de Coordinaci\u00f3n Pol\u00edtica, diputado Juan Javier G\u00f3mez Cazar\u00edn.<\/p>\n\n\n\n<p>Es importante que la ni\u00f1ez conozca el funcionamiento del Congreso, qu\u00e9 se hace y de qu\u00e9 manera esto gu\u00eda el rumbo del estado de Veracruz, toda vez que es fundamental que el conocimiento recibido en las aulas se vea plasmado en la pr\u00e1ctica, afirm\u00f3 el presidente de la Junta de Coordinaci\u00f3n Pol\u00edtica (Jucopo) de la LXVI Legislatura, diputado Juan Javier G\u00f3mez Cazar\u00edn, al dar la bienvenida a los 44 estudiantes de la Telesecundaria Benito Ju\u00e1rez Garc\u00eda, ubicada en la localidad La Gloria, perteneciente al municipio de Perote, Veracruz.<\/p>\n\n\n\n<p>Con apoyo de personal de la coordinaci\u00f3n de Archivo, Biblioteca y Hemeroteca, j\u00f3venes y autoridades escolares, encabezados por el director de la instituci\u00f3n educativa, Emilio Aparicio Torres, realizaron un recorrido por las instalaciones del Palacio Legislativo, en el que conocieron las \u00e1reas administrativas, el auditorio Sebasti\u00e1n Lerdo de Tejada, las distintas salas del edificio, as\u00ed como el Recinto Oficial de Sesiones, donde se les inform\u00f3 la conformaci\u00f3n paritaria de la actual Legislatura y las funciones de las y los diputados.<\/p>\n\n\n\n<p><\/p>\n\n\n\n<p>Fuente: Redacci\u00f3n<\/p>\n\n\n\n<p><\/p>\n","protected":false},"excerpt":{"rendered":"<p>XALAPA, VER.- 29 DE JUNIO DEL 2023 Fueron atendidos por el presidente de la Junta de Coordinaci\u00f3n Pol\u00edtica, diputado Juan Javier G\u00f3mez Cazar\u00edn. Es importante que la ni\u00f1ez conozca el funcionamiento del Congreso, qu\u00e9 se hace y de qu\u00e9 manera esto gu\u00eda el rumbo del estado de Veracruz, toda vez que es fundamental que el<a class=\"read-more\" href=\"https:\/\/globalnewsmexico.com\/sitio\/recibe-congreso-a-estudiantes-de-secundaria-de-perote\/\">Leer m\u00e1s<\/a><\/p>\n","protected":false},"author":5,"featured_media":68052,"comment_status":"closed","ping_status":"open","sticky":false,"template":"","format":"standard","meta":{"spay_email":"","footnotes":""},"categories":[37,8,50,52],"tags":[],"jetpack_featured_media_url":"https:\/\/i1.wp.com\/globalnewsmexico.com\/sitio\/wp-content\/uploads\/2023\/06\/29-de-junio.jpg?fit=1040%2C694&ssl=1","jetpack_sharing_enabled":true,"jetpack_shortlink":"https:\/\/wp.me\/p9yqPL-hHB","jetpack_likes_enabled":true,"_links":{"self":[{"href":"https:\/\/globalnewsmexico.com\/sitio\/wp-json\/wp\/v2\/posts\/68051"}],"collection":[{"href":"https:\/\/globalnewsmexico.com\/sitio\/wp-json\/wp\/v2\/posts"}],"about":[{"href":"https:\/\/globalnewsmexico.com\/sitio\/wp-json\/wp\/v2\/types\/post"}],"author":[{"embeddable":true,"href":"https:\/\/globalnewsmexico.com\/sitio\/wp-json\/wp\/v2\/users\/5"}],"replies":[{"embeddable":true,"href":"https:\/\/globalnewsmexico.com\/sitio\/wp-json\/wp\/v2\/comments?post=68051"}],"version-history":[{"count":0,"href":"https:\/\/globalnewsmexico.com\/sitio\/wp-json\/wp\/v2\/posts\/68051\/revisions"}],"wp:featuredmedia":[{"embeddable":true,"href":"https:\/\/globalnewsmexico.com\/sitio\/wp-json\/wp\/v2\/media\/68052"}],"wp:attachment":[{"href":"https:\/\/globalnewsmexico.com\/sitio\/wp-json\/wp\/v2\/media?parent=68051"}],"wp:term":[{"taxonomy":"category","embeddable":true,"href":"https:\/\/globalnewsmexico.com\/sitio\/wp-json\/wp\/v2\/categories?post=68051"},{"taxonomy":"post_tag","embeddable":true,"href":"https:\/\/globalnewsmexico.com\/sitio\/wp-json\/wp\/v2\/tags?post=68051"}],"curies":[{"name":"wp","href":"https:\/\/api.w.org\/{rel}","templated":true}]}}