{"id":68125,"date":"2023-07-18T21:05:09","date_gmt":"2023-07-19T02:05:09","guid":{"rendered":"http:\/\/globalnewsmexico.com\/sitio\/?p=68125"},"modified":"2023-07-18T21:05:16","modified_gmt":"2023-07-19T02:05:16","slug":"incorpora-congreso-mejora-regulatoria-y-zonas-portuarias-a-comision-permanente","status":"publish","type":"post","link":"https:\/\/globalnewsmexico.com\/sitio\/incorpora-congreso-mejora-regulatoria-y-zonas-portuarias-a-comision-permanente\/","title":{"rendered":"Incorpora Congreso Mejora Regulatoria y Zonas Portuarias a Comisi\u00f3n Permanente"},"content":{"rendered":"\n<p>XALAPA, VER .- 18 DE JULIO DEL 2023<\/p>\n\n\n\n<p>\u2022 Aprueban cambio de nombre en la Ley Org\u00e1nica del Poder Legislativo.<\/p>\n\n\n\n<p>El Pleno de la LXVI Legislatura aprob\u00f3 que la Comisi\u00f3n Permanente de Corredor Interoce\u00e1nico, Zonas Libres y Desarrollo Econ\u00f3mico cambie su denominaci\u00f3n a Comisi\u00f3n Permanente de Corredor Interoce\u00e1nico, Zonas Portuarias, Mejora Regulatoria y Desarrollo Econ\u00f3mico.<\/p>\n\n\n\n<p>En la Decimaprimera Sesi\u00f3n Ordinaria del Segundo Periodo Ordinario del segundo a\u00f1o de labores, con 38 votos, las diputadas y los diputados avalaron la reforma a la fracci\u00f3n VIII del Art\u00edculo 39 de la Ley Org\u00e1nica del Poder Legislativo del Estado de Veracruz de Ignacio de la Llave.<\/p>\n\n\n\n<p>La propuesta, presentada mediante un dictamen suscrito por la Comisi\u00f3n Permanente de Gobernaci\u00f3n, fue presentada el pasado 7 de junio por la diputada Eusebia Cort\u00e9s P\u00e9rez en una Iniciativa con Proyecto de Decreto.<\/p>\n\n\n\n<p>En el proyecto la comisi\u00f3n dictaminadora se\u00f1ala que esta actualizaci\u00f3n obedece a la necesidad de reorientar el modelo de desarrollo, redimensionar y relocalizar las prioridades de la inversi\u00f3n p\u00fablica, de manera que puedan darse las condiciones indispensables para generar el impulso que requieren las distintas regiones del pa\u00eds.<\/p>\n\n\n\n<p>Explica tambi\u00e9n que la Mejora Regulatoria tiene como objetivo establecer el progreso continuo y consistente de la regulaci\u00f3n de tr\u00e1mites y servicios estatales y municipales, mediante la coordinaci\u00f3n entre las autoridades de este rubro, los diferentes \u00f3rdenes de gobierno y los particulares.<\/p>\n\n\n\n<p>Esta reforma persigue tambi\u00e9n la consecuci\u00f3n de los objetivos se\u00f1alados en el Art\u00edculo 2 del ordenamiento referido, a saber: el establecimiento de un sistema integral de gesti\u00f3n regulatoria en el que se definan los principios, bases, procedimientos, instrumentos y acciones de la mejora regulatoria que garanticen beneficios superiores a sus costos y de m\u00e1ximo bienestar para la sociedad.<\/p>\n\n\n\n<p>Adem\u00e1s, que se elimine paulatinamente la regulaci\u00f3n excesiva para facilitar la apertura, instalaci\u00f3n, operaci\u00f3n y ampliaci\u00f3n de empresas, disminuyendo los requisitos, costos y tiempos para cumplir la normatividad; se impulse el uso de tecnolog\u00edas de la informaci\u00f3n para simplificar los tr\u00e1mites y servicios, entre otros.<\/p>\n\n\n\n<p>En la fase de posicionamientos, hicieron uso de la tribuna la diputada Eusebia Cort\u00e9s P\u00e9rez y el legislador Miguel David Hermida Copado, quienes manifestaron el sentido positivo de su voto.<\/p>\n\n\n\n<p><\/p>\n\n\n\n<p>Fuente: Redacci\u00f3n<\/p>\n\n\n\n<p><\/p>\n","protected":false},"excerpt":{"rendered":"<p>XALAPA, VER .- 18 DE JULIO DEL 2023 \u2022 Aprueban cambio de nombre en la Ley Org\u00e1nica del Poder Legislativo. El Pleno de la LXVI Legislatura aprob\u00f3 que la Comisi\u00f3n Permanente de Corredor Interoce\u00e1nico, Zonas Libres y Desarrollo Econ\u00f3mico cambie su denominaci\u00f3n a Comisi\u00f3n Permanente de Corredor Interoce\u00e1nico, Zonas Portuarias, Mejora Regulatoria y Desarrollo Econ\u00f3mico.<a class=\"read-more\" href=\"https:\/\/globalnewsmexico.com\/sitio\/incorpora-congreso-mejora-regulatoria-y-zonas-portuarias-a-comision-permanente\/\">Leer m\u00e1s<\/a><\/p>\n","protected":false},"author":5,"featured_media":68126,"comment_status":"closed","ping_status":"open","sticky":false,"template":"","format":"standard","meta":{"spay_email":"","footnotes":""},"categories":[37,8,50,52],"tags":[],"jetpack_featured_media_url":"https:\/\/i2.wp.com\/globalnewsmexico.com\/sitio\/wp-content\/uploads\/2023\/07\/18-de-julio-2.jpg?fit=1040%2C694&ssl=1","jetpack_sharing_enabled":true,"jetpack_shortlink":"https:\/\/wp.me\/p9yqPL-hIN","jetpack_likes_enabled":true,"_links":{"self":[{"href":"https:\/\/globalnewsmexico.com\/sitio\/wp-json\/wp\/v2\/posts\/68125"}],"collection":[{"href":"https:\/\/globalnewsmexico.com\/sitio\/wp-json\/wp\/v2\/posts"}],"about":[{"href":"https:\/\/globalnewsmexico.com\/sitio\/wp-json\/wp\/v2\/types\/post"}],"author":[{"embeddable":true,"href":"https:\/\/globalnewsmexico.com\/sitio\/wp-json\/wp\/v2\/users\/5"}],"replies":[{"embeddable":true,"href":"https:\/\/globalnewsmexico.com\/sitio\/wp-json\/wp\/v2\/comments?post=68125"}],"version-history":[{"count":0,"href":"https:\/\/globalnewsmexico.com\/sitio\/wp-json\/wp\/v2\/posts\/68125\/revisions"}],"wp:featuredmedia":[{"embeddable":true,"href":"https:\/\/globalnewsmexico.com\/sitio\/wp-json\/wp\/v2\/media\/68126"}],"wp:attachment":[{"href":"https:\/\/globalnewsmexico.com\/sitio\/wp-json\/wp\/v2\/media?parent=68125"}],"wp:term":[{"taxonomy":"category","embeddable":true,"href":"https:\/\/globalnewsmexico.com\/sitio\/wp-json\/wp\/v2\/categories?post=68125"},{"taxonomy":"post_tag","embeddable":true,"href":"https:\/\/globalnewsmexico.com\/sitio\/wp-json\/wp\/v2\/tags?post=68125"}],"curies":[{"name":"wp","href":"https:\/\/api.w.org\/{rel}","templated":true}]}}