{"id":68303,"date":"2024-06-17T20:07:53","date_gmt":"2024-06-18T01:07:53","guid":{"rendered":"http:\/\/globalnewsmexico.com\/sitio\/?p=68303"},"modified":"2024-06-17T20:07:54","modified_gmt":"2024-06-18T01:07:54","slug":"realiza-poder-legislativo-convivio-con-representantes-de-medios-de-comunicacion","status":"publish","type":"post","link":"https:\/\/globalnewsmexico.com\/sitio\/realiza-poder-legislativo-convivio-con-representantes-de-medios-de-comunicacion\/","title":{"rendered":"Realiza Poder Legislativo convivio con representantes de medios de comunicaci\u00f3n"},"content":{"rendered":"\n<p>XALAPA.- 14 DE JUNIO DE 2024<\/p>\n\n\n\n<p>\u2022 Por el D\u00eda de la Libertad de Expresi\u00f3n, el Congreso reconoce las aportaciones de quienes ejercen el periodismo en la entidad.<\/p>\n\n\n\n<p>El ejercicio del periodismo merece el respeto y reconocimiento de todas y todos, porque se trata de una encomienda que visibiliza derechos y libertades en un ambiente en el que predomine la cultura de paz y legalidad, expres\u00f3 la presidenta de la Mesa Directiva de la LXVI Legislatura del estado de Veracruz, diputada Adriana Esther Mart\u00ednez S\u00e1nchez, durante el convivio con comunicadoras y comunicadores, as\u00ed como representantes de medios de comunicaci\u00f3n de la entidad, con motivo de la conmemoraci\u00f3n del 7 de junio, D\u00eda de la Libertad de Expresi\u00f3n.<\/p>\n\n\n\n<p>Con la presencia de las diputadas Rosalinda Galindo Silva, Gisela L\u00f3pez L\u00f3pez y Arianna Guadalupe \u00c1ngeles Aguirre, la legisladora Mart\u00ednez S\u00e1nchez extern\u00f3 el saludo respetuoso de parte del presidente de la Junta de Coordinaci\u00f3n Pol\u00edtica (Jucopo), diputado Juan Javier G\u00f3mez Cazar\u00edn, y reconoci\u00f3 la aportaci\u00f3n objetiva, oportuna y veraz de los medios de comunicaci\u00f3n en la consolidaci\u00f3n de una sociedad democr\u00e1tica.<\/p>\n\n\n\n<p>Posteriormente, dijo que gracias a los esfuerzos cotidianos de quienes ejercen el periodismo puede contarse con una sociedad informada, de manera puntual y oportuna, sobre el acontecer diario, tanto local como nacional e internacional.<\/p>\n\n\n\n<p>La legisladora se pronunci\u00f3 por el fortalecimiento de las leyes veracruzanas que conlleve a garantizar los derechos de las y los representantes de los medios, as\u00ed como del respeto irrestricto en su labor informativa.<\/p>\n\n\n\n<p>A este evento, organizado por la Jucopo, a trav\u00e9s de la Secretar\u00eda General, a cargo de Domingo Bahena Corbal\u00e1, y de la Coordinaci\u00f3n de Comunicaci\u00f3n Social, encabezada por Guillermo N\u00fa\u00f1ez Huesca, asistieron el secretario ejecutivo de la Comisi\u00f3n Estatal para la Atenci\u00f3n y Protecci\u00f3n de los Periodistas (CEAPP), Israel Hern\u00e1ndez Sosa, reporteros, fot\u00f3grafos, editores, conductores y titulares de empresas period\u00edsticas, entre otros.<\/p>\n\n\n\n<p>Al inicio del convivio y a manera de homenaje, las y los asistentes realizaron un minuto de aplausos en memoria del reconocido periodista Eugenio Rodolfo Soler Valencia, \u201cFito Soler\u201d, quien falleci\u00f3 el pasado 12 de mayo.<\/p>\n\n\n\n<p>Fuente: Redacci\u00f3n<\/p>\n\n\n\n<p><\/p>\n","protected":false},"excerpt":{"rendered":"<p>XALAPA.- 14 DE JUNIO DE 2024 \u2022 Por el D\u00eda de la Libertad de Expresi\u00f3n, el Congreso reconoce las aportaciones de quienes ejercen el periodismo en la entidad. El ejercicio del periodismo merece el respeto y reconocimiento de todas y todos, porque se trata de una encomienda que visibiliza derechos y libertades en un ambiente<a class=\"read-more\" href=\"https:\/\/globalnewsmexico.com\/sitio\/realiza-poder-legislativo-convivio-con-representantes-de-medios-de-comunicacion\/\">Leer m\u00e1s<\/a><\/p>\n","protected":false},"author":5,"featured_media":68304,"comment_status":"closed","ping_status":"open","sticky":false,"template":"","format":"standard","meta":{"spay_email":"","footnotes":""},"categories":[37,8,50,52],"tags":[],"jetpack_featured_media_url":"https:\/\/i0.wp.com\/globalnewsmexico.com\/sitio\/wp-content\/uploads\/2024\/06\/14-de-junio.jpg?fit=1600%2C1068&ssl=1","jetpack_sharing_enabled":true,"jetpack_shortlink":"https:\/\/wp.me\/p9yqPL-hLF","jetpack_likes_enabled":true,"_links":{"self":[{"href":"https:\/\/globalnewsmexico.com\/sitio\/wp-json\/wp\/v2\/posts\/68303"}],"collection":[{"href":"https:\/\/globalnewsmexico.com\/sitio\/wp-json\/wp\/v2\/posts"}],"about":[{"href":"https:\/\/globalnewsmexico.com\/sitio\/wp-json\/wp\/v2\/types\/post"}],"author":[{"embeddable":true,"href":"https:\/\/globalnewsmexico.com\/sitio\/wp-json\/wp\/v2\/users\/5"}],"replies":[{"embeddable":true,"href":"https:\/\/globalnewsmexico.com\/sitio\/wp-json\/wp\/v2\/comments?post=68303"}],"version-history":[{"count":0,"href":"https:\/\/globalnewsmexico.com\/sitio\/wp-json\/wp\/v2\/posts\/68303\/revisions"}],"wp:featuredmedia":[{"embeddable":true,"href":"https:\/\/globalnewsmexico.com\/sitio\/wp-json\/wp\/v2\/media\/68304"}],"wp:attachment":[{"href":"https:\/\/globalnewsmexico.com\/sitio\/wp-json\/wp\/v2\/media?parent=68303"}],"wp:term":[{"taxonomy":"category","embeddable":true,"href":"https:\/\/globalnewsmexico.com\/sitio\/wp-json\/wp\/v2\/categories?post=68303"},{"taxonomy":"post_tag","embeddable":true,"href":"https:\/\/globalnewsmexico.com\/sitio\/wp-json\/wp\/v2\/tags?post=68303"}],"curies":[{"name":"wp","href":"https:\/\/api.w.org\/{rel}","templated":true}]}}