{"id":68573,"date":"2024-10-03T23:44:31","date_gmt":"2024-10-04T04:44:31","guid":{"rendered":"http:\/\/globalnewsmexico.com\/sitio\/?p=68573"},"modified":"2024-10-03T23:44:32","modified_gmt":"2024-10-04T04:44:32","slug":"promueve-diputada-la-cultura-de-la-prevencion-de-enfermedades","status":"publish","type":"post","link":"https:\/\/globalnewsmexico.com\/sitio\/promueve-diputada-la-cultura-de-la-prevencion-de-enfermedades\/","title":{"rendered":"Promueve Diputada la cultura de la prevenci\u00f3n de enfermedades"},"content":{"rendered":"\n<p>XALAPA, VER.- 01 DE OCTUBRE DE 2024<\/p>\n\n\n\n<p>\u2022 Da inicio la legisladora Adriana Esther Mart\u00ednez S\u00e1nchez a la Jornada de Mastograf\u00edas que se realiza en la explanada del Palacio Legislativo.<\/p>\n\n\n\n<p>En el marco del D\u00eda Mundial contra el C\u00e1ncer de Mama y con la finalidad de continuar con las acciones promovidas desde hace seis a\u00f1os, en materia de prevenci\u00f3n de enfermedades, en el Congreso del Estado de Veracruz se realiz\u00f3 la Jornada de Mastograf\u00edas, con el apoyo de la presidenta de la Mesa Directiva, diputada Adriana Esther Mart\u00ednez S\u00e1nchez y la Secretar\u00eda de Salud del estado (SS) por conducto de los Servicios de Salud de Veracruz (Sesver).<\/p>\n\n\n\n<p>En su mensaje, la legisladora Mart\u00ednez S\u00e1nchez reconoci\u00f3 a las mujeres trabajadoras que siempre participan en las jornadas de salud que se llevan a cabo en este Congreso y, agreg\u00f3, que eso significa que son personas que valoran su vida y que fomentan la cultura de la prevenci\u00f3n.<\/p>\n\n\n\n<p>Agradeci\u00f3 a la titular de la SS, Guadalupe D\u00edaz del Castillo, y a la responsable Estatal del Programa de C\u00e1ncer de Mama, Elena Escalante, por responder positivamente al llamado y permitir que una vez m\u00e1s se instale el m\u00f3dulo de mastograf\u00edas en la sede del Poder Legislativo para beneficio de las mujeres trabajadoras, \u201choy en d\u00eda es muy importante la auto exploraci\u00f3n y estar consciente que ante cualquier s\u00edntoma es necesario acudir con un especialista de la salud\u201d.<\/p>\n\n\n\n<p>Con la presencia de la diputada Norma Leonor Victoria Mendoza Gonz\u00e1lez, la legisladora dijo que el Gobierno del ingeniero Cuitl\u00e1huac Garc\u00eda Jim\u00e9nez ha realizado una inversi\u00f3n millonaria en materia de salud y que eso se refleja en la infraestructura hospitalaria y en mejores servicios para beneficio de la ciudadan\u00eda.<\/p>\n\n\n\n<p>Posteriormente, la encargada del Servicio M\u00e9dico del Congreso local, doctora Claudia del Rosario Garc\u00eda P\u00e9rez, record\u00f3 que desde que asumi\u00f3 su encomienda mantiene el compromiso que tiene con la salud de las trabajadoras y trabajadores, a quienes exhort\u00f3 a seguir cuid\u00e1ndose y a privilegiar la prevenci\u00f3n.<\/p>\n\n\n\n<p>Fuente: Redacci\u00f3n<\/p>\n\n\n\n<p><\/p>\n","protected":false},"excerpt":{"rendered":"<p>XALAPA, VER.- 01 DE OCTUBRE DE 2024 \u2022 Da inicio la legisladora Adriana Esther Mart\u00ednez S\u00e1nchez a la Jornada de Mastograf\u00edas que se realiza en la explanada del Palacio Legislativo. En el marco del D\u00eda Mundial contra el C\u00e1ncer de Mama y con la finalidad de continuar con las acciones promovidas desde hace seis a\u00f1os,<a class=\"read-more\" href=\"https:\/\/globalnewsmexico.com\/sitio\/promueve-diputada-la-cultura-de-la-prevencion-de-enfermedades\/\">Leer m\u00e1s<\/a><\/p>\n","protected":false},"author":5,"featured_media":68574,"comment_status":"closed","ping_status":"open","sticky":false,"template":"","format":"standard","meta":{"spay_email":"","footnotes":""},"categories":[37,8,50,52],"tags":[],"jetpack_featured_media_url":"https:\/\/i0.wp.com\/globalnewsmexico.com\/sitio\/wp-content\/uploads\/2024\/10\/1-de-octubre.jpg?fit=1514%2C945&ssl=1","jetpack_sharing_enabled":true,"jetpack_shortlink":"https:\/\/wp.me\/p9yqPL-hQ1","jetpack_likes_enabled":true,"_links":{"self":[{"href":"https:\/\/globalnewsmexico.com\/sitio\/wp-json\/wp\/v2\/posts\/68573"}],"collection":[{"href":"https:\/\/globalnewsmexico.com\/sitio\/wp-json\/wp\/v2\/posts"}],"about":[{"href":"https:\/\/globalnewsmexico.com\/sitio\/wp-json\/wp\/v2\/types\/post"}],"author":[{"embeddable":true,"href":"https:\/\/globalnewsmexico.com\/sitio\/wp-json\/wp\/v2\/users\/5"}],"replies":[{"embeddable":true,"href":"https:\/\/globalnewsmexico.com\/sitio\/wp-json\/wp\/v2\/comments?post=68573"}],"version-history":[{"count":0,"href":"https:\/\/globalnewsmexico.com\/sitio\/wp-json\/wp\/v2\/posts\/68573\/revisions"}],"wp:featuredmedia":[{"embeddable":true,"href":"https:\/\/globalnewsmexico.com\/sitio\/wp-json\/wp\/v2\/media\/68574"}],"wp:attachment":[{"href":"https:\/\/globalnewsmexico.com\/sitio\/wp-json\/wp\/v2\/media?parent=68573"}],"wp:term":[{"taxonomy":"category","embeddable":true,"href":"https:\/\/globalnewsmexico.com\/sitio\/wp-json\/wp\/v2\/categories?post=68573"},{"taxonomy":"post_tag","embeddable":true,"href":"https:\/\/globalnewsmexico.com\/sitio\/wp-json\/wp\/v2\/tags?post=68573"}],"curies":[{"name":"wp","href":"https:\/\/api.w.org\/{rel}","templated":true}]}}