{"id":68628,"date":"2025-04-13T12:39:13","date_gmt":"2025-04-13T17:39:13","guid":{"rendered":"https:\/\/globalnewsmexico.com\/sitio\/?p=68628"},"modified":"2025-04-13T12:39:14","modified_gmt":"2025-04-13T17:39:14","slug":"respalda-congreso-acciones-para-prevenir-el-maltrato-infantil","status":"publish","type":"post","link":"https:\/\/globalnewsmexico.com\/sitio\/respalda-congreso-acciones-para-prevenir-el-maltrato-infantil\/","title":{"rendered":"Respalda Congreso acciones para prevenir el maltrato infantil"},"content":{"rendered":"\n<p>Xalapa, Ver., 06 de marzo de 2025.<\/p>\n\n\n\n<p>&#8211; La presidente de la Mesa Directiva de la LXVII Legislatura, diputada Tanya Carola Viveros Ch\u00e1zaro, asisti\u00f3 al conversatorio titulado El inter\u00e9s superior de la ni\u00f1ez, salvaguardando los derechos humanos de cada estudiante, organizado por el Centro de Atenci\u00f3n Psicopedag\u00f3gica de Educaci\u00f3n Preescolar (Capep), a trav\u00e9s del Programa Integral de Apoyo a Ni\u00f1as y Ni\u00f1os en Situaci\u00f3n de Maltrato (Piannm), cuyo objetivo es fortalecer acciones para prevenir el maltrato infantil y la protecci\u00f3n de los derechos de la infancia.<\/p>\n\n\n\n<p>Adem\u00e1s de personal del Capep, al evento realizado en el auditorio Sebasti\u00e1n Lerdo de Tejada del Palacio Legislativo, asistieron autoridades de la Secretar\u00eda de Educaci\u00f3n de Veracruz (SEV) de los niveles inicial y preescolar tanto estatal como federal, de la Comisi\u00f3n Estatal de los Derechos Humanos (CEDH), de los DIF Estatal y Municipal y del Sistema Estatal de Protecci\u00f3n Integral de Ni\u00f1as, Ni\u00f1os y Adolescentes (Sipinna) del estado de Veracruz, entre otros.<\/p>\n\n\n\n<p>Fuente: Redacci\u00f3n<\/p>\n\n\n\n<p><\/p>\n","protected":false},"excerpt":{"rendered":"<p>Xalapa, Ver., 06 de marzo de 2025. &#8211; La presidente de la Mesa Directiva de la LXVII Legislatura, diputada Tanya Carola Viveros Ch\u00e1zaro, asisti\u00f3 al conversatorio titulado El inter\u00e9s superior de la ni\u00f1ez, salvaguardando los derechos humanos de cada estudiante, organizado por el Centro de Atenci\u00f3n Psicopedag\u00f3gica de Educaci\u00f3n Preescolar (Capep), a trav\u00e9s del Programa<a class=\"read-more\" href=\"https:\/\/globalnewsmexico.com\/sitio\/respalda-congreso-acciones-para-prevenir-el-maltrato-infantil\/\">Leer m\u00e1s<\/a><\/p>\n","protected":false},"author":5,"featured_media":68629,"comment_status":"closed","ping_status":"open","sticky":false,"template":"","format":"standard","meta":{"spay_email":"","footnotes":""},"categories":[37,8,50,52],"tags":[],"jetpack_featured_media_url":"https:\/\/i2.wp.com\/globalnewsmexico.com\/sitio\/wp-content\/uploads\/2025\/04\/congreso2.jpg?fit=768%2C512&ssl=1","jetpack_sharing_enabled":true,"jetpack_shortlink":"https:\/\/wp.me\/p9yqPL-hQU","jetpack_likes_enabled":true,"_links":{"self":[{"href":"https:\/\/globalnewsmexico.com\/sitio\/wp-json\/wp\/v2\/posts\/68628"}],"collection":[{"href":"https:\/\/globalnewsmexico.com\/sitio\/wp-json\/wp\/v2\/posts"}],"about":[{"href":"https:\/\/globalnewsmexico.com\/sitio\/wp-json\/wp\/v2\/types\/post"}],"author":[{"embeddable":true,"href":"https:\/\/globalnewsmexico.com\/sitio\/wp-json\/wp\/v2\/users\/5"}],"replies":[{"embeddable":true,"href":"https:\/\/globalnewsmexico.com\/sitio\/wp-json\/wp\/v2\/comments?post=68628"}],"version-history":[{"count":0,"href":"https:\/\/globalnewsmexico.com\/sitio\/wp-json\/wp\/v2\/posts\/68628\/revisions"}],"wp:featuredmedia":[{"embeddable":true,"href":"https:\/\/globalnewsmexico.com\/sitio\/wp-json\/wp\/v2\/media\/68629"}],"wp:attachment":[{"href":"https:\/\/globalnewsmexico.com\/sitio\/wp-json\/wp\/v2\/media?parent=68628"}],"wp:term":[{"taxonomy":"category","embeddable":true,"href":"https:\/\/globalnewsmexico.com\/sitio\/wp-json\/wp\/v2\/categories?post=68628"},{"taxonomy":"post_tag","embeddable":true,"href":"https:\/\/globalnewsmexico.com\/sitio\/wp-json\/wp\/v2\/tags?post=68628"}],"curies":[{"name":"wp","href":"https:\/\/api.w.org\/{rel}","templated":true}]}}