{"id":68707,"date":"2025-04-24T13:16:44","date_gmt":"2025-04-24T18:16:44","guid":{"rendered":"https:\/\/globalnewsmexico.com\/sitio\/?p=68707"},"modified":"2025-04-24T13:16:45","modified_gmt":"2025-04-24T18:16:45","slug":"sheinbaum-descarta-detenciones-tras-narcobloqueos-en-michoacan-jalisco-y-guanajuato","status":"publish","type":"post","link":"https:\/\/globalnewsmexico.com\/sitio\/sheinbaum-descarta-detenciones-tras-narcobloqueos-en-michoacan-jalisco-y-guanajuato\/","title":{"rendered":"Sheinbaum descarta detenciones tras narcobloqueos en Michoac\u00e1n, Jalisco y Guanajuato"},"content":{"rendered":"\n<p>La presidenta\u00a0<strong>Claudia Sheinbaum<\/strong>\u00a0asegur\u00f3 que no hubo ninguna detenci\u00f3n tras los\u00a0<a href=\"https:\/\/www.infobae.com\/mexico\/2025\/04\/23\/enfrentamiento-entre-civiles-armados-y-militares-en-apatzingan-desata-narcobloqueos-en-8-municipios-de-michoacan\/\" target=\"_blank\" rel=\"noreferrer noopener\"><strong>bloqueos carreteros<\/strong><\/a>\u00a0que se registraron el d\u00eda de ayer en tres entidades:\u00a0<strong>Michoac\u00e1n, Jalisco\u00a0<\/strong>y\u00a0<strong>Guanajuato<\/strong>.<\/p>\n\n\n\n<p><\/p>\n\n\n\n<p>Al ser cuestionada sobre la jornada violenta del 23 de abril, la mandataria federal se limit\u00f3 a proporcionar informaci\u00f3n. Indic\u00f3 que el titular de la Secretar\u00eda de Seguridad y Protecci\u00f3n Ciudadana (SSPC),\u00a0<strong>Omar Garc\u00eda Harfuch<\/strong>, emitir\u00e1 un comunicado en el transcurso de este jueves.<\/p>\n\n\n\n<p><\/p>\n\n\n\n<p>Lo \u00fanico que Sheinbaum dio a conocer fue que no hubo ninguna persona detenida. En su momento, medios locales reportaron que los narcobloqueos fueron ocasionados por la\u00a0<strong>captura de un l\u00edder criminal<\/strong>, presuntamente vinculado al C\u00e1rtel Jalisco Nueva Generaci\u00f3n (CJNG), aunque estos informes no fueron confirmados.<\/p>\n","protected":false},"excerpt":{"rendered":"<p>La presidenta\u00a0Claudia Sheinbaum\u00a0asegur\u00f3 que no hubo ninguna detenci\u00f3n tras los\u00a0bloqueos carreteros\u00a0que se registraron el d\u00eda de ayer en tres entidades:\u00a0Michoac\u00e1n, Jalisco\u00a0y\u00a0Guanajuato. Al ser cuestionada sobre la jornada violenta del 23 de abril, la mandataria federal se limit\u00f3 a proporcionar informaci\u00f3n. Indic\u00f3 que el titular de la Secretar\u00eda de Seguridad y Protecci\u00f3n Ciudadana (SSPC),\u00a0Omar Garc\u00eda Harfuch,<a class=\"read-more\" href=\"https:\/\/globalnewsmexico.com\/sitio\/sheinbaum-descarta-detenciones-tras-narcobloqueos-en-michoacan-jalisco-y-guanajuato\/\">Leer m\u00e1s<\/a><\/p>\n","protected":false},"author":11,"featured_media":68708,"comment_status":"closed","ping_status":"open","sticky":false,"template":"","format":"standard","meta":{"spay_email":"","footnotes":""},"categories":[49,39],"tags":[],"jetpack_featured_media_url":"https:\/\/i1.wp.com\/globalnewsmexico.com\/sitio\/wp-content\/uploads\/2025\/04\/mananera-de-claudia-sheinbaum-hoy-24-de-abril-de-2025-resumen-2-f0e88499.jpg?fit=614%2C428&ssl=1","jetpack_sharing_enabled":true,"jetpack_shortlink":"https:\/\/wp.me\/p9yqPL-hSb","jetpack_likes_enabled":true,"_links":{"self":[{"href":"https:\/\/globalnewsmexico.com\/sitio\/wp-json\/wp\/v2\/posts\/68707"}],"collection":[{"href":"https:\/\/globalnewsmexico.com\/sitio\/wp-json\/wp\/v2\/posts"}],"about":[{"href":"https:\/\/globalnewsmexico.com\/sitio\/wp-json\/wp\/v2\/types\/post"}],"author":[{"embeddable":true,"href":"https:\/\/globalnewsmexico.com\/sitio\/wp-json\/wp\/v2\/users\/11"}],"replies":[{"embeddable":true,"href":"https:\/\/globalnewsmexico.com\/sitio\/wp-json\/wp\/v2\/comments?post=68707"}],"version-history":[{"count":0,"href":"https:\/\/globalnewsmexico.com\/sitio\/wp-json\/wp\/v2\/posts\/68707\/revisions"}],"wp:featuredmedia":[{"embeddable":true,"href":"https:\/\/globalnewsmexico.com\/sitio\/wp-json\/wp\/v2\/media\/68708"}],"wp:attachment":[{"href":"https:\/\/globalnewsmexico.com\/sitio\/wp-json\/wp\/v2\/media?parent=68707"}],"wp:term":[{"taxonomy":"category","embeddable":true,"href":"https:\/\/globalnewsmexico.com\/sitio\/wp-json\/wp\/v2\/categories?post=68707"},{"taxonomy":"post_tag","embeddable":true,"href":"https:\/\/globalnewsmexico.com\/sitio\/wp-json\/wp\/v2\/tags?post=68707"}],"curies":[{"name":"wp","href":"https:\/\/api.w.org\/{rel}","templated":true}]}}