{"id":68715,"date":"2025-04-24T13:24:47","date_gmt":"2025-04-24T18:24:47","guid":{"rendered":"https:\/\/globalnewsmexico.com\/sitio\/?p=68715"},"modified":"2025-04-24T13:24:47","modified_gmt":"2025-04-24T18:24:47","slug":"gobierno-de-veracruz-y-ado-inauguran-moderna-terminal-en-tuxpan","status":"publish","type":"post","link":"https:\/\/globalnewsmexico.com\/sitio\/gobierno-de-veracruz-y-ado-inauguran-moderna-terminal-en-tuxpan\/","title":{"rendered":"Gobierno de Veracruz y ADO inauguran moderna terminal en Tuxpan"},"content":{"rendered":"\n<p><strong>Tuxpan, Ver., mi\u00e9rcoles 23 de abril de 2025.- <\/strong>Con una inversi\u00f3n de 160 millones de pesos, este d\u00eda fue inaugurada la nueva Terminal de Autobuses de Oriente (ADO) en el municipio de Tuxpan, infraestructura que fortalecer\u00e1 la conectividad, impulsar\u00e1 el turismo y consolidar\u00e1 el desarrollo regional en la zona norte del estado.<\/p>\n\n\n\n<p>El nuevo complejo cuenta con 40 puntos de conexi\u00f3n hacia destinos del centro y sureste del pa\u00eds, y tiene capacidad para movilizar a m\u00e1s de 90 mil pasajeros, convirti\u00e9ndose en un nodo estrat\u00e9gico para la actividad econ\u00f3mica, tur\u00edstica e industrial de Veracruz.<\/p>\n\n\n\n<p>En representaci\u00f3n de la gobernadora, Roc\u00edo Nahle Garc\u00eda, asisti\u00f3 el subsecretario de Gobierno, Jos\u00e9 Manuel Pozos Castro, acompa\u00f1ado por autoridades del sector tur\u00edstico y econ\u00f3mico, representantes de la empresa ADO y l\u00edderes empresariales de la regi\u00f3n.<\/p>\n\n\n\n<p>Durante el acto protocolario se destac\u00f3 que esta nueva terminal no solo representa una mejora en infraestructura, sino que funge como una puerta moderna y segura que conecta a Tuxpan con el resto del estado y del pa\u00eds, consolidando su papel como destino clave en la costa norte de Veracruz.<\/p>\n\n\n\n<p>La empresa ADO refrend\u00f3 su compromiso con el desarrollo nacional al sumarse a este esfuerzo colectivo, que proyecta al puerto como un punto estrat\u00e9gico para el turismo, la log\u00edstica y el comercio.<\/p>\n","protected":false},"excerpt":{"rendered":"<p>Tuxpan, Ver., mi\u00e9rcoles 23 de abril de 2025.- Con una inversi\u00f3n de 160 millones de pesos, este d\u00eda fue inaugurada la nueva Terminal de Autobuses de Oriente (ADO) en el municipio de Tuxpan, infraestructura que fortalecer\u00e1 la conectividad, impulsar\u00e1 el turismo y consolidar\u00e1 el desarrollo regional en la zona norte del estado. El nuevo complejo<a class=\"read-more\" href=\"https:\/\/globalnewsmexico.com\/sitio\/gobierno-de-veracruz-y-ado-inauguran-moderna-terminal-en-tuxpan\/\">Leer m\u00e1s<\/a><\/p>\n","protected":false},"author":11,"featured_media":68716,"comment_status":"closed","ping_status":"open","sticky":false,"template":"","format":"standard","meta":{"spay_email":"","footnotes":""},"categories":[39],"tags":[],"jetpack_featured_media_url":"https:\/\/i1.wp.com\/globalnewsmexico.com\/sitio\/wp-content\/uploads\/2025\/04\/WhatsApp-Image-2025-04-23-at-8.25.38-PM.jpeg?fit=1280%2C761&ssl=1","jetpack_sharing_enabled":true,"jetpack_shortlink":"https:\/\/wp.me\/p9yqPL-hSj","jetpack_likes_enabled":true,"_links":{"self":[{"href":"https:\/\/globalnewsmexico.com\/sitio\/wp-json\/wp\/v2\/posts\/68715"}],"collection":[{"href":"https:\/\/globalnewsmexico.com\/sitio\/wp-json\/wp\/v2\/posts"}],"about":[{"href":"https:\/\/globalnewsmexico.com\/sitio\/wp-json\/wp\/v2\/types\/post"}],"author":[{"embeddable":true,"href":"https:\/\/globalnewsmexico.com\/sitio\/wp-json\/wp\/v2\/users\/11"}],"replies":[{"embeddable":true,"href":"https:\/\/globalnewsmexico.com\/sitio\/wp-json\/wp\/v2\/comments?post=68715"}],"version-history":[{"count":0,"href":"https:\/\/globalnewsmexico.com\/sitio\/wp-json\/wp\/v2\/posts\/68715\/revisions"}],"wp:featuredmedia":[{"embeddable":true,"href":"https:\/\/globalnewsmexico.com\/sitio\/wp-json\/wp\/v2\/media\/68716"}],"wp:attachment":[{"href":"https:\/\/globalnewsmexico.com\/sitio\/wp-json\/wp\/v2\/media?parent=68715"}],"wp:term":[{"taxonomy":"category","embeddable":true,"href":"https:\/\/globalnewsmexico.com\/sitio\/wp-json\/wp\/v2\/categories?post=68715"},{"taxonomy":"post_tag","embeddable":true,"href":"https:\/\/globalnewsmexico.com\/sitio\/wp-json\/wp\/v2\/tags?post=68715"}],"curies":[{"name":"wp","href":"https:\/\/api.w.org\/{rel}","templated":true}]}}