{"id":68755,"date":"2025-04-25T12:28:03","date_gmt":"2025-04-25T17:28:03","guid":{"rendered":"https:\/\/globalnewsmexico.com\/sitio\/?p=68755"},"modified":"2025-04-25T12:28:04","modified_gmt":"2025-04-25T17:28:04","slug":"veracruz-arranca-semana-nacional-de-vacunacion-rocio-nahle-garantiza-mas-de-670-mil-dosis","status":"publish","type":"post","link":"https:\/\/globalnewsmexico.com\/sitio\/veracruz-arranca-semana-nacional-de-vacunacion-rocio-nahle-garantiza-mas-de-670-mil-dosis\/","title":{"rendered":"Veracruz: Arranca Semana Nacional de Vacunaci\u00f3n; Roc\u00edo Nahle garantiza m\u00e1s de 670 mil dosis"},"content":{"rendered":"\n<p>La gobernadora Roc\u00edo Nahle Garc\u00eda y el director general del IMSS-Bienestar, Alejandro Svarch P\u00e9rez, encabezaron el arranque de la primera Semana Nacional de Vacunaci\u00f3n; resaltaron el trabajo conjunto con diversas instituciones, conforme a la pol\u00edtica nacional de prevenci\u00f3n impulsada por la presidenta Claudia Sheinbaum Pardo.<\/p>\n\n\n\n<p>\u201cQueremos un Veracruz sano y por eso nos vamos a acercar a la gente, y si hace falta personal le pedimos a las Fuerzas Armadas y a la Marina apoyo para llegar a los 212 municipios y las 22 mil comunidades del estado\u201d, afirm\u00f3 la Mandataria.<\/p>\n\n\n\n<p>El representante federal explic\u00f3 que, para el IMSS-Bienestar, vacunar es construir un pa\u00eds donde nacer no signifique estar en desventaja, por ello, el compromiso es aplicar m\u00e1s de medio mill\u00f3n de dosis esta semana, lo que representa m\u00e1s de una tercera parte del esfuerzo nacional y, para lograrlo, se dispuso de seis mil vacunadores y vacunadoras desplegados en unidades m\u00e9dicas, escuelas, plazas p\u00fablicas y comunidades rurales en Veracruz.<\/p>\n\n\n\n<p>Con el compromiso de alcanzar una cobertura del 95 por ciento y proteger a la poblaci\u00f3n contra 20 enfermedades prevenibles, el Gobierno de Veracruz aplicar\u00e1 de manera gratuita 672 mil 319 dosis de 14 vacunas del esquema b\u00e1sico, explic\u00f3 el secretario de Salud, Valent\u00edn Herrera Alarc\u00f3n.<\/p>\n","protected":false},"excerpt":{"rendered":"<p>La gobernadora Roc\u00edo Nahle Garc\u00eda y el director general del IMSS-Bienestar, Alejandro Svarch P\u00e9rez, encabezaron el arranque de la primera Semana Nacional de Vacunaci\u00f3n; resaltaron el trabajo conjunto con diversas instituciones, conforme a la pol\u00edtica nacional de prevenci\u00f3n impulsada por la presidenta Claudia Sheinbaum Pardo. \u201cQueremos un Veracruz sano y por eso nos vamos a<a class=\"read-more\" href=\"https:\/\/globalnewsmexico.com\/sitio\/veracruz-arranca-semana-nacional-de-vacunacion-rocio-nahle-garantiza-mas-de-670-mil-dosis\/\">Leer m\u00e1s<\/a><\/p>\n","protected":false},"author":11,"featured_media":68756,"comment_status":"closed","ping_status":"open","sticky":false,"template":"","format":"standard","meta":{"spay_email":"","footnotes":""},"categories":[39,50],"tags":[],"jetpack_featured_media_url":"https:\/\/i1.wp.com\/globalnewsmexico.com\/sitio\/wp-content\/uploads\/2025\/04\/109-1-768x461-1.jpg?fit=768%2C461&ssl=1","jetpack_sharing_enabled":true,"jetpack_shortlink":"https:\/\/wp.me\/p9yqPL-hSX","jetpack_likes_enabled":true,"_links":{"self":[{"href":"https:\/\/globalnewsmexico.com\/sitio\/wp-json\/wp\/v2\/posts\/68755"}],"collection":[{"href":"https:\/\/globalnewsmexico.com\/sitio\/wp-json\/wp\/v2\/posts"}],"about":[{"href":"https:\/\/globalnewsmexico.com\/sitio\/wp-json\/wp\/v2\/types\/post"}],"author":[{"embeddable":true,"href":"https:\/\/globalnewsmexico.com\/sitio\/wp-json\/wp\/v2\/users\/11"}],"replies":[{"embeddable":true,"href":"https:\/\/globalnewsmexico.com\/sitio\/wp-json\/wp\/v2\/comments?post=68755"}],"version-history":[{"count":0,"href":"https:\/\/globalnewsmexico.com\/sitio\/wp-json\/wp\/v2\/posts\/68755\/revisions"}],"wp:featuredmedia":[{"embeddable":true,"href":"https:\/\/globalnewsmexico.com\/sitio\/wp-json\/wp\/v2\/media\/68756"}],"wp:attachment":[{"href":"https:\/\/globalnewsmexico.com\/sitio\/wp-json\/wp\/v2\/media?parent=68755"}],"wp:term":[{"taxonomy":"category","embeddable":true,"href":"https:\/\/globalnewsmexico.com\/sitio\/wp-json\/wp\/v2\/categories?post=68755"},{"taxonomy":"post_tag","embeddable":true,"href":"https:\/\/globalnewsmexico.com\/sitio\/wp-json\/wp\/v2\/tags?post=68755"}],"curies":[{"name":"wp","href":"https:\/\/api.w.org\/{rel}","templated":true}]}}