{"id":68759,"date":"2025-04-25T13:45:52","date_gmt":"2025-04-25T18:45:52","guid":{"rendered":"https:\/\/globalnewsmexico.com\/sitio\/?p=68759"},"modified":"2025-04-25T13:45:53","modified_gmt":"2025-04-25T18:45:53","slug":"cerraron-al-publico-la-basilica-de-san-pedro-y-en-una-ceremonia-privada-sellaran-el-feretro-del-papa-francisco","status":"publish","type":"post","link":"https:\/\/globalnewsmexico.com\/sitio\/cerraron-al-publico-la-basilica-de-san-pedro-y-en-una-ceremonia-privada-sellaran-el-feretro-del-papa-francisco\/","title":{"rendered":"Cerraron al p\u00fablico la Bas\u00edlica de San Pedro y en una ceremonia privada sellar\u00e1n el f\u00e9retro del Papa Francisco"},"content":{"rendered":"\n<p>Las autoridades del\u00a0<strong>Vaticano<\/strong>\u00a0decidieron adelantar el\u00a0<strong>cierre de la<\/strong>\u00a0<strong>Plaza San Pedro<\/strong>\u00a0frente a la\u00a0<a href=\"https:\/\/www.clarin.com\/mundo\/paso-120-mil-personas-culmina-funeral-popular-francisco-multitudinaria-procesion-entierro_0_YIvUK8EcY9.html\" target=\"_blank\" rel=\"noreferrer noopener\">incesante llegada de fieles<\/a>\u00a0para despedir al\u00a0<strong>Papa Francisco<\/strong>, fallecido el lunes pasado. Mientras tanto, Roma se \u00abblinda\u00bb a la espera de los l\u00edderes mundiales que el\u00a0<strong>s\u00e1bado 26 de abril<\/strong>\u00a0participar\u00e1n del funeral de Estado del Sumo Pont\u00edfice. Segu\u00ed la todas novedades en una cobertura minuto a minuto de\u00a0<strong>Clar\u00edn<\/strong>.<\/p>\n","protected":false},"excerpt":{"rendered":"<p>Las autoridades del\u00a0Vaticano\u00a0decidieron adelantar el\u00a0cierre de la\u00a0Plaza San Pedro\u00a0frente a la\u00a0incesante llegada de fieles\u00a0para despedir al\u00a0Papa Francisco, fallecido el lunes pasado. Mientras tanto, Roma se \u00abblinda\u00bb a la espera de los l\u00edderes mundiales que el\u00a0s\u00e1bado 26 de abril\u00a0participar\u00e1n del funeral de Estado del Sumo Pont\u00edfice. Segu\u00ed la todas novedades en una cobertura minuto a minuto<a class=\"read-more\" href=\"https:\/\/globalnewsmexico.com\/sitio\/cerraron-al-publico-la-basilica-de-san-pedro-y-en-una-ceremonia-privada-sellaran-el-feretro-del-papa-francisco\/\">Leer m\u00e1s<\/a><\/p>\n","protected":false},"author":11,"featured_media":68760,"comment_status":"closed","ping_status":"open","sticky":false,"template":"","format":"standard","meta":{"spay_email":"","footnotes":""},"categories":[48],"tags":[],"jetpack_featured_media_url":"https:\/\/i2.wp.com\/globalnewsmexico.com\/sitio\/wp-content\/uploads\/2025\/04\/imagesAAAS.jpg?fit=259%2C194&ssl=1","jetpack_sharing_enabled":true,"jetpack_shortlink":"https:\/\/wp.me\/p9yqPL-hT1","jetpack_likes_enabled":true,"_links":{"self":[{"href":"https:\/\/globalnewsmexico.com\/sitio\/wp-json\/wp\/v2\/posts\/68759"}],"collection":[{"href":"https:\/\/globalnewsmexico.com\/sitio\/wp-json\/wp\/v2\/posts"}],"about":[{"href":"https:\/\/globalnewsmexico.com\/sitio\/wp-json\/wp\/v2\/types\/post"}],"author":[{"embeddable":true,"href":"https:\/\/globalnewsmexico.com\/sitio\/wp-json\/wp\/v2\/users\/11"}],"replies":[{"embeddable":true,"href":"https:\/\/globalnewsmexico.com\/sitio\/wp-json\/wp\/v2\/comments?post=68759"}],"version-history":[{"count":0,"href":"https:\/\/globalnewsmexico.com\/sitio\/wp-json\/wp\/v2\/posts\/68759\/revisions"}],"wp:featuredmedia":[{"embeddable":true,"href":"https:\/\/globalnewsmexico.com\/sitio\/wp-json\/wp\/v2\/media\/68760"}],"wp:attachment":[{"href":"https:\/\/globalnewsmexico.com\/sitio\/wp-json\/wp\/v2\/media?parent=68759"}],"wp:term":[{"taxonomy":"category","embeddable":true,"href":"https:\/\/globalnewsmexico.com\/sitio\/wp-json\/wp\/v2\/categories?post=68759"},{"taxonomy":"post_tag","embeddable":true,"href":"https:\/\/globalnewsmexico.com\/sitio\/wp-json\/wp\/v2\/tags?post=68759"}],"curies":[{"name":"wp","href":"https:\/\/api.w.org\/{rel}","templated":true}]}}