{"id":68763,"date":"2025-04-25T13:48:42","date_gmt":"2025-04-25T18:48:42","guid":{"rendered":"https:\/\/globalnewsmexico.com\/sitio\/?p=68763"},"modified":"2025-04-25T13:48:43","modified_gmt":"2025-04-25T18:48:43","slug":"liquidan-incendio-forestal-registrado-entre-veracruz-y-puebla","status":"publish","type":"post","link":"https:\/\/globalnewsmexico.com\/sitio\/liquidan-incendio-forestal-registrado-entre-veracruz-y-puebla\/","title":{"rendered":"Liquidan incendio forestal registrado entre Veracruz y Puebla"},"content":{"rendered":"\n<p><strong>E<\/strong>l<a href=\"https:\/\/www.oem.com.mx\/diariodexalapa\/local\/conafor-informa-que-se-avanza-en-el-control-del-incendio-forestal-del-valle-de-perote-22890012\" target=\"_blank\" rel=\"noreferrer noopener\">\u00a0<strong><em>incendio forestal<\/em><\/strong><\/a>registrado en\u00a0<strong>Xiutetelco, Puebla y que afect\u00f3 parte de Veracruz, del lado de Jalacingo<\/strong>, ha quedado totalmente liquidado, dice Hugo Mart\u00ednez Serrano, director de Protecci\u00f3n Civil de ese municipio poblano.<\/p>\n\n\n\n<p><strong>Las acciones se prolongaron hasta anoche y hoy se pudo confirmar que el fuego qued\u00f3 apagado en su totalidad.<\/strong><\/p>\n\n\n\n<p>Tambi\u00e9n sostiene que las afectaciones son en un aproximado de 160 hect\u00e1reas del lado de Puebla y que en Jalacingo, en territorio veracruzano, se estiman da\u00f1os en al menos 600 metros.<\/p>\n","protected":false},"excerpt":{"rendered":"<p>El\u00a0incendio forestalregistrado en\u00a0Xiutetelco, Puebla y que afect\u00f3 parte de Veracruz, del lado de Jalacingo, ha quedado totalmente liquidado, dice Hugo Mart\u00ednez Serrano, director de Protecci\u00f3n Civil de ese municipio poblano. Las acciones se prolongaron hasta anoche y hoy se pudo confirmar que el fuego qued\u00f3 apagado en su totalidad. Tambi\u00e9n sostiene que las afectaciones son<a class=\"read-more\" href=\"https:\/\/globalnewsmexico.com\/sitio\/liquidan-incendio-forestal-registrado-entre-veracruz-y-puebla\/\">Leer m\u00e1s<\/a><\/p>\n","protected":false},"author":11,"featured_media":68764,"comment_status":"closed","ping_status":"open","sticky":false,"template":"","format":"standard","meta":{"spay_email":"","footnotes":""},"categories":[50],"tags":[],"jetpack_featured_media_url":"https:\/\/globalnewsmexico.com\/sitio\/wp-content\/uploads\/2025\/04\/imageASER.webp","jetpack_sharing_enabled":true,"jetpack_shortlink":"https:\/\/wp.me\/p9yqPL-hT5","jetpack_likes_enabled":true,"_links":{"self":[{"href":"https:\/\/globalnewsmexico.com\/sitio\/wp-json\/wp\/v2\/posts\/68763"}],"collection":[{"href":"https:\/\/globalnewsmexico.com\/sitio\/wp-json\/wp\/v2\/posts"}],"about":[{"href":"https:\/\/globalnewsmexico.com\/sitio\/wp-json\/wp\/v2\/types\/post"}],"author":[{"embeddable":true,"href":"https:\/\/globalnewsmexico.com\/sitio\/wp-json\/wp\/v2\/users\/11"}],"replies":[{"embeddable":true,"href":"https:\/\/globalnewsmexico.com\/sitio\/wp-json\/wp\/v2\/comments?post=68763"}],"version-history":[{"count":0,"href":"https:\/\/globalnewsmexico.com\/sitio\/wp-json\/wp\/v2\/posts\/68763\/revisions"}],"wp:featuredmedia":[{"embeddable":true,"href":"https:\/\/globalnewsmexico.com\/sitio\/wp-json\/wp\/v2\/media\/68764"}],"wp:attachment":[{"href":"https:\/\/globalnewsmexico.com\/sitio\/wp-json\/wp\/v2\/media?parent=68763"}],"wp:term":[{"taxonomy":"category","embeddable":true,"href":"https:\/\/globalnewsmexico.com\/sitio\/wp-json\/wp\/v2\/categories?post=68763"},{"taxonomy":"post_tag","embeddable":true,"href":"https:\/\/globalnewsmexico.com\/sitio\/wp-json\/wp\/v2\/tags?post=68763"}],"curies":[{"name":"wp","href":"https:\/\/api.w.org\/{rel}","templated":true}]}}