{"id":68765,"date":"2025-04-25T13:49:49","date_gmt":"2025-04-25T18:49:49","guid":{"rendered":"https:\/\/globalnewsmexico.com\/sitio\/?p=68765"},"modified":"2025-04-25T13:49:50","modified_gmt":"2025-04-25T18:49:50","slug":"este-fin-de-semana-haran-el-festival-del","status":"publish","type":"post","link":"https:\/\/globalnewsmexico.com\/sitio\/este-fin-de-semana-haran-el-festival-del\/","title":{"rendered":"Este fin de semana har\u00e1n el Festival del"},"content":{"rendered":"\n<p>Este&nbsp;<strong>s\u00e1bado 26 y domingo 27 de abril&nbsp;<\/strong>se realizar\u00e1 el&nbsp;<strong>Festival del Pescador en Veracruz<\/strong>, inform\u00f3 Bernardo Hern\u00e1ndez,&nbsp;&nbsp;presidente de la Federaci\u00f3n de Sociedades Cooperativas Pesqueras.<\/p>\n\n\n\n<p>Detall\u00f3 en entrevista que el evento se realizar\u00e1 en&nbsp;<strong>la zona del muelle del Pescador de 10 de la ma\u00f1ana a 6 de la tarde<\/strong>,&nbsp; se cierra la circulaci\u00f3n en el bulevar \u00c1vila Camachode ese tramo para el festival.<\/p>\n\n\n\n<p>Precis\u00f3 que en la muestra gastron\u00f3mica&nbsp;<strong>se ofertar\u00e1n los platillos tradicionales como ceviches, minilla, ensaladas de mariscos, pero tambi\u00e9n novedosos como hot dogs de pescado, tamales de minilla, chiles rellenos con pescado<\/strong>.<\/p>\n\n\n\n<p>A\u00f1adi\u00f3 que se tendr\u00e1n 15&nbsp;stands donde<strong>&nbsp;se podr\u00e1n comprar los diversos platillos que se vender\u00e1n, bebidas y tambi\u00e9n habr\u00e1 m\u00fasica en vivo<\/strong>.&nbsp;<\/p>\n","protected":false},"excerpt":{"rendered":"<p>Este&nbsp;s\u00e1bado 26 y domingo 27 de abril&nbsp;se realizar\u00e1 el&nbsp;Festival del Pescador en Veracruz, inform\u00f3 Bernardo Hern\u00e1ndez,&nbsp;&nbsp;presidente de la Federaci\u00f3n de Sociedades Cooperativas Pesqueras. Detall\u00f3 en entrevista que el evento se realizar\u00e1 en&nbsp;la zona del muelle del Pescador de 10 de la ma\u00f1ana a 6 de la tarde,&nbsp; se cierra la circulaci\u00f3n en el bulevar \u00c1vila<a class=\"read-more\" href=\"https:\/\/globalnewsmexico.com\/sitio\/este-fin-de-semana-haran-el-festival-del\/\">Leer m\u00e1s<\/a><\/p>\n","protected":false},"author":11,"featured_media":68766,"comment_status":"closed","ping_status":"open","sticky":false,"template":"","format":"standard","meta":{"spay_email":"","footnotes":""},"categories":[40],"tags":[],"jetpack_featured_media_url":"https:\/\/globalnewsmexico.com\/sitio\/wp-content\/uploads\/2025\/04\/1370041xeu20250425124524.webp","jetpack_sharing_enabled":true,"jetpack_shortlink":"https:\/\/wp.me\/p9yqPL-hT7","jetpack_likes_enabled":true,"_links":{"self":[{"href":"https:\/\/globalnewsmexico.com\/sitio\/wp-json\/wp\/v2\/posts\/68765"}],"collection":[{"href":"https:\/\/globalnewsmexico.com\/sitio\/wp-json\/wp\/v2\/posts"}],"about":[{"href":"https:\/\/globalnewsmexico.com\/sitio\/wp-json\/wp\/v2\/types\/post"}],"author":[{"embeddable":true,"href":"https:\/\/globalnewsmexico.com\/sitio\/wp-json\/wp\/v2\/users\/11"}],"replies":[{"embeddable":true,"href":"https:\/\/globalnewsmexico.com\/sitio\/wp-json\/wp\/v2\/comments?post=68765"}],"version-history":[{"count":0,"href":"https:\/\/globalnewsmexico.com\/sitio\/wp-json\/wp\/v2\/posts\/68765\/revisions"}],"wp:featuredmedia":[{"embeddable":true,"href":"https:\/\/globalnewsmexico.com\/sitio\/wp-json\/wp\/v2\/media\/68766"}],"wp:attachment":[{"href":"https:\/\/globalnewsmexico.com\/sitio\/wp-json\/wp\/v2\/media?parent=68765"}],"wp:term":[{"taxonomy":"category","embeddable":true,"href":"https:\/\/globalnewsmexico.com\/sitio\/wp-json\/wp\/v2\/categories?post=68765"},{"taxonomy":"post_tag","embeddable":true,"href":"https:\/\/globalnewsmexico.com\/sitio\/wp-json\/wp\/v2\/tags?post=68765"}],"curies":[{"name":"wp","href":"https:\/\/api.w.org\/{rel}","templated":true}]}}