{"id":68767,"date":"2025-04-25T13:50:59","date_gmt":"2025-04-25T18:50:59","guid":{"rendered":"https:\/\/globalnewsmexico.com\/sitio\/?p=68767"},"modified":"2025-04-25T13:51:00","modified_gmt":"2025-04-25T18:51:00","slug":"ordenan-capturar-a-dueno-del-santos-y-atlas","status":"publish","type":"post","link":"https:\/\/globalnewsmexico.com\/sitio\/ordenan-capturar-a-dueno-del-santos-y-atlas\/","title":{"rendered":"Ordenan capturar a due\u00f1o del Santos y Atlas"},"content":{"rendered":"\n<p>Alejandro Irarragorri Guti\u00e9rrez,\u00a0propietario de los equipos de futbol, Santos\u00a0y\u00a0Atlas, fue declarado pr\u00f3fugo de la justicia por una jueza federal luego de que no se presentara a una audiencia judicial en Torre\u00f3n relacionada con un caso de presunta defraudaci\u00f3n fiscal por m\u00e1s de 17 millones de pesos.<\/p>\n\n\n\n<p>De acuerdo con lo que publica Reforma este viernes, el pasado 20 de marzo, Irarragorri compareci\u00f3 por videoconferencia, pero la jueza de control exigi\u00f3 su presencia f\u00edsica para el 24 de marzo.&nbsp;<\/p>\n\n\n\n<p>Tras no asistir, Karla Cecilia Mar\u00edn, asistente de Registros del Centro de Justicia Penal Federal en Torre\u00f3n, lo declar\u00f3 como \u201cevadido de la justicia\u201d y se orden\u00f3 su captura.<\/p>\n\n\n\n<p>Sin embargo, los abogados de Irarragorri aseguran que la orden de aprehensi\u00f3n fue girada sin cumplir con las formalidades esenciales del procedimiento legal&nbsp;y confirmaron que ya se present\u00f3 una demanda de amparo.<\/p>\n\n\n\n<p>Ante esta situaci\u00f3n,&nbsp;el&nbsp;Club Santos Laguna&nbsp;emiti\u00f3 un comunicado oficial en el que expres\u00f3 su rechazo a lo que calific\u00f3 como una \u201cjudicializaci\u00f3n indebida\u201d&nbsp;de un tema administrativo o de interpretaci\u00f3n fiscal.<\/p>\n","protected":false},"excerpt":{"rendered":"<p>Alejandro Irarragorri Guti\u00e9rrez,\u00a0propietario de los equipos de futbol, Santos\u00a0y\u00a0Atlas, fue declarado pr\u00f3fugo de la justicia por una jueza federal luego de que no se presentara a una audiencia judicial en Torre\u00f3n relacionada con un caso de presunta defraudaci\u00f3n fiscal por m\u00e1s de 17 millones de pesos. De acuerdo con lo que publica Reforma este viernes,<a class=\"read-more\" href=\"https:\/\/globalnewsmexico.com\/sitio\/ordenan-capturar-a-dueno-del-santos-y-atlas\/\">Leer m\u00e1s<\/a><\/p>\n","protected":false},"author":11,"featured_media":68768,"comment_status":"closed","ping_status":"open","sticky":false,"template":"","format":"standard","meta":{"spay_email":"","footnotes":""},"categories":[49,39],"tags":[],"jetpack_featured_media_url":"https:\/\/globalnewsmexico.com\/sitio\/wp-content\/uploads\/2025\/04\/1370025xeu20250425103227.webp","jetpack_sharing_enabled":true,"jetpack_shortlink":"https:\/\/wp.me\/p9yqPL-hT9","jetpack_likes_enabled":true,"_links":{"self":[{"href":"https:\/\/globalnewsmexico.com\/sitio\/wp-json\/wp\/v2\/posts\/68767"}],"collection":[{"href":"https:\/\/globalnewsmexico.com\/sitio\/wp-json\/wp\/v2\/posts"}],"about":[{"href":"https:\/\/globalnewsmexico.com\/sitio\/wp-json\/wp\/v2\/types\/post"}],"author":[{"embeddable":true,"href":"https:\/\/globalnewsmexico.com\/sitio\/wp-json\/wp\/v2\/users\/11"}],"replies":[{"embeddable":true,"href":"https:\/\/globalnewsmexico.com\/sitio\/wp-json\/wp\/v2\/comments?post=68767"}],"version-history":[{"count":0,"href":"https:\/\/globalnewsmexico.com\/sitio\/wp-json\/wp\/v2\/posts\/68767\/revisions"}],"wp:featuredmedia":[{"embeddable":true,"href":"https:\/\/globalnewsmexico.com\/sitio\/wp-json\/wp\/v2\/media\/68768"}],"wp:attachment":[{"href":"https:\/\/globalnewsmexico.com\/sitio\/wp-json\/wp\/v2\/media?parent=68767"}],"wp:term":[{"taxonomy":"category","embeddable":true,"href":"https:\/\/globalnewsmexico.com\/sitio\/wp-json\/wp\/v2\/categories?post=68767"},{"taxonomy":"post_tag","embeddable":true,"href":"https:\/\/globalnewsmexico.com\/sitio\/wp-json\/wp\/v2\/tags?post=68767"}],"curies":[{"name":"wp","href":"https:\/\/api.w.org\/{rel}","templated":true}]}}