{"id":68806,"date":"2025-04-28T13:51:44","date_gmt":"2025-04-28T18:51:44","guid":{"rendered":"https:\/\/globalnewsmexico.com\/sitio\/?p=68806"},"modified":"2025-04-28T13:51:45","modified_gmt":"2025-04-28T18:51:45","slug":"buscan-a-hombre-que-desaparecio-en-la-bocana-de-alvarado","status":"publish","type":"post","link":"https:\/\/globalnewsmexico.com\/sitio\/buscan-a-hombre-que-desaparecio-en-la-bocana-de-alvarado\/","title":{"rendered":"Buscan a hombre que desapareci\u00f3 en la bocana de Alvarado"},"content":{"rendered":"\n<p>Un hombre de unos 25 a\u00f1os desapareci\u00f3 en el mar anoche y es buscado por elementos de Protecci\u00f3n Civil, la Capitan\u00eda del puerto de Alvarado y la Estaci\u00f3n Naval de B\u00fasqueda, Rescate y Vigilancia Maritima de Veracruz.<\/p>\n\n\n\n<p>En entrevista con XEU, Daniel Eduardo Romero Pilar, inform\u00f3 que ayer por la tarde se activ\u00f3 el protocolo de b\u00fasqueda y rescate ante el reporte de que un hombre se estaba ahogando a la orilla de la bocana, en Alvarado.<\/p>\n\n\n\n<p>Dijo que la b\u00fasqueda termin\u00f3 a noche despu\u00e9s de las 8 de la noche, ya que por la falta de luz se complicaban las labores, sin embargo este lunes desde las 6:30 de la ma\u00f1ana se reiniciaron los trabajos.<\/p>\n\n\n\n<p>La&nbsp;b\u00fasqueda se realiza a la altura de la Trocha, el hombre es vecino de la comunidad de Las Aneas.<\/p>\n","protected":false},"excerpt":{"rendered":"<p>Un hombre de unos 25 a\u00f1os desapareci\u00f3 en el mar anoche y es buscado por elementos de Protecci\u00f3n Civil, la Capitan\u00eda del puerto de Alvarado y la Estaci\u00f3n Naval de B\u00fasqueda, Rescate y Vigilancia Maritima de Veracruz. En entrevista con XEU, Daniel Eduardo Romero Pilar, inform\u00f3 que ayer por la tarde se activ\u00f3 el protocolo<a class=\"read-more\" href=\"https:\/\/globalnewsmexico.com\/sitio\/buscan-a-hombre-que-desaparecio-en-la-bocana-de-alvarado\/\">Leer m\u00e1s<\/a><\/p>\n","protected":false},"author":11,"featured_media":68807,"comment_status":"closed","ping_status":"open","sticky":false,"template":"","format":"standard","meta":{"spay_email":"","footnotes":""},"categories":[50],"tags":[],"jetpack_featured_media_url":"https:\/\/globalnewsmexico.com\/sitio\/wp-content\/uploads\/2025\/04\/1370343xeu20250428093633.webp","jetpack_sharing_enabled":true,"jetpack_shortlink":"https:\/\/wp.me\/p9yqPL-hTM","jetpack_likes_enabled":true,"_links":{"self":[{"href":"https:\/\/globalnewsmexico.com\/sitio\/wp-json\/wp\/v2\/posts\/68806"}],"collection":[{"href":"https:\/\/globalnewsmexico.com\/sitio\/wp-json\/wp\/v2\/posts"}],"about":[{"href":"https:\/\/globalnewsmexico.com\/sitio\/wp-json\/wp\/v2\/types\/post"}],"author":[{"embeddable":true,"href":"https:\/\/globalnewsmexico.com\/sitio\/wp-json\/wp\/v2\/users\/11"}],"replies":[{"embeddable":true,"href":"https:\/\/globalnewsmexico.com\/sitio\/wp-json\/wp\/v2\/comments?post=68806"}],"version-history":[{"count":0,"href":"https:\/\/globalnewsmexico.com\/sitio\/wp-json\/wp\/v2\/posts\/68806\/revisions"}],"wp:featuredmedia":[{"embeddable":true,"href":"https:\/\/globalnewsmexico.com\/sitio\/wp-json\/wp\/v2\/media\/68807"}],"wp:attachment":[{"href":"https:\/\/globalnewsmexico.com\/sitio\/wp-json\/wp\/v2\/media?parent=68806"}],"wp:term":[{"taxonomy":"category","embeddable":true,"href":"https:\/\/globalnewsmexico.com\/sitio\/wp-json\/wp\/v2\/categories?post=68806"},{"taxonomy":"post_tag","embeddable":true,"href":"https:\/\/globalnewsmexico.com\/sitio\/wp-json\/wp\/v2\/tags?post=68806"}],"curies":[{"name":"wp","href":"https:\/\/api.w.org\/{rel}","templated":true}]}}