{"id":68820,"date":"2025-04-29T15:09:21","date_gmt":"2025-04-29T20:09:21","guid":{"rendered":"https:\/\/globalnewsmexico.com\/sitio\/?p=68820"},"modified":"2025-04-29T15:09:59","modified_gmt":"2025-04-29T20:09:59","slug":"localizan-cuerpo-de-joven-ahogado-en-alvarado","status":"publish","type":"post","link":"https:\/\/globalnewsmexico.com\/sitio\/localizan-cuerpo-de-joven-ahogado-en-alvarado\/","title":{"rendered":"Localizan cuerpo de joven ahogado en Alvarado"},"content":{"rendered":"\n<p>Rescatistas localizaron el cuerpo de un hombre, de unos 25 a\u00f1os, que hab\u00eda desaparecido en el mar la tarde-noche del domingo.<\/p>\n\n\n\n<p>Tras varias jornadas de b\u00fasqueda&nbsp;por elementos de Protecci\u00f3n Civil, la Capitan\u00eda del puerto de Alvarado y la Estaci\u00f3n Naval de B\u00fasqueda, Rescate y Vigilancia Maritima de Veracruz, finalmente esta ma\u00f1ana fue hallado.<\/p>\n\n\n\n<p>Daniel Eduardo Romero Pilar, inform\u00f3 que desde el domingo&nbsp;por la tarde se activ\u00f3 el protocolo de b\u00fasqueda y rescate ante el reporte de que un hombre se estaba ahogando a la orilla de la bocana, en Alvarado.<\/p>\n\n\n\n<p>Dijo que la b\u00fasqueda termin\u00f3 por la noche del domingo, despu\u00e9s de las 8 de la noche, ya que por la falta de luz se complicaban las labores, sin embargo ayer&nbsp;lunes desde las 6:30 de la ma\u00f1ana reiniciaron los trabajos sin \u00e9xito. Fue la ma\u00f1ana de este martes que localzaron el cuerpo del joven originario de&nbsp;la comunidad de Las Aneas, en Alvarado.<\/p>\n","protected":false},"excerpt":{"rendered":"<p>Rescatistas localizaron el cuerpo de un hombre, de unos 25 a\u00f1os, que hab\u00eda desaparecido en el mar la tarde-noche del domingo. Tras varias jornadas de b\u00fasqueda&nbsp;por elementos de Protecci\u00f3n Civil, la Capitan\u00eda del puerto de Alvarado y la Estaci\u00f3n Naval de B\u00fasqueda, Rescate y Vigilancia Maritima de Veracruz, finalmente esta ma\u00f1ana fue hallado. Daniel Eduardo<a class=\"read-more\" href=\"https:\/\/globalnewsmexico.com\/sitio\/localizan-cuerpo-de-joven-ahogado-en-alvarado\/\">Leer m\u00e1s<\/a><\/p>\n","protected":false},"author":11,"featured_media":68821,"comment_status":"closed","ping_status":"open","sticky":false,"template":"","format":"standard","meta":{"spay_email":"","footnotes":""},"categories":[50],"tags":[],"jetpack_featured_media_url":"https:\/\/globalnewsmexico.com\/sitio\/wp-content\/uploads\/2025\/04\/1370476xeu20250429101330.webp","jetpack_sharing_enabled":true,"jetpack_shortlink":"https:\/\/wp.me\/p9yqPL-hU0","jetpack_likes_enabled":true,"_links":{"self":[{"href":"https:\/\/globalnewsmexico.com\/sitio\/wp-json\/wp\/v2\/posts\/68820"}],"collection":[{"href":"https:\/\/globalnewsmexico.com\/sitio\/wp-json\/wp\/v2\/posts"}],"about":[{"href":"https:\/\/globalnewsmexico.com\/sitio\/wp-json\/wp\/v2\/types\/post"}],"author":[{"embeddable":true,"href":"https:\/\/globalnewsmexico.com\/sitio\/wp-json\/wp\/v2\/users\/11"}],"replies":[{"embeddable":true,"href":"https:\/\/globalnewsmexico.com\/sitio\/wp-json\/wp\/v2\/comments?post=68820"}],"version-history":[{"count":0,"href":"https:\/\/globalnewsmexico.com\/sitio\/wp-json\/wp\/v2\/posts\/68820\/revisions"}],"wp:featuredmedia":[{"embeddable":true,"href":"https:\/\/globalnewsmexico.com\/sitio\/wp-json\/wp\/v2\/media\/68821"}],"wp:attachment":[{"href":"https:\/\/globalnewsmexico.com\/sitio\/wp-json\/wp\/v2\/media?parent=68820"}],"wp:term":[{"taxonomy":"category","embeddable":true,"href":"https:\/\/globalnewsmexico.com\/sitio\/wp-json\/wp\/v2\/categories?post=68820"},{"taxonomy":"post_tag","embeddable":true,"href":"https:\/\/globalnewsmexico.com\/sitio\/wp-json\/wp\/v2\/tags?post=68820"}],"curies":[{"name":"wp","href":"https:\/\/api.w.org\/{rel}","templated":true}]}}