{"id":68826,"date":"2025-04-30T15:06:41","date_gmt":"2025-04-30T20:06:41","guid":{"rendered":"https:\/\/globalnewsmexico.com\/sitio\/?p=68826"},"modified":"2025-04-30T15:06:42","modified_gmt":"2025-04-30T20:06:42","slug":"espana-y-portugal-restablecen-el-mercado-energico-e-investigan-las-causas-del-apagon","status":"publish","type":"post","link":"https:\/\/globalnewsmexico.com\/sitio\/espana-y-portugal-restablecen-el-mercado-energico-e-investigan-las-causas-del-apagon\/","title":{"rendered":"Espa\u00f1a y Portugal restablecen el mercado en\u00e9rgico e investigan las causas del apag\u00f3n"},"content":{"rendered":"\n<p>El mercado energ\u00e9tico en Espa\u00f1a y Portugal ya est\u00e1 restablecido despu\u00e9s de que este lunes un ins\u00f3lito apag\u00f3n dejase sin suministro el\u00e9ctrico a toda la pen\u00ednsula ib\u00e9rica, por causas que a\u00fan se investigan.<\/p>\n\n\n\n<p>Sobre las 10:30 GMT del lunes un fallo el\u00e9ctrico de gran magnitud dej\u00f3 sin luz a toda la pen\u00ednsula ib\u00e9rica durante buena parte de la jornada, afectando las comunicaciones, el transporte terrestre y ferroviario y paralizando la actividad.<\/p>\n\n\n\n<p>El Gobierno portugu\u00e9s confirm\u00f3 este mi\u00e9rcoles a EFE que el mercado energ\u00e9tico ib\u00e9rico se ha restablecido \u00abcomo estaba previsto\u00bb, aunque ambos pa\u00edses siguen operando por separado \u00abpor motivos de prudencia\u00bb.<\/p>\n\n\n\n<p>En Espa\u00f1a, el servicio ferroviario, recobr\u00f3 totalmente la normalidad este mi\u00e9rcoles, aunque seg\u00fan el Ministerio de Transportes, las \u00abincidencias puntuales\u00bb siguen en zonas localizadas.<\/p>\n\n\n\n<p>Los servicios de emergencias espa\u00f1oles rescataron a m\u00e1s de 30.000 personas atrapadas en trenes en zonas de dif\u00edcil y los servicios de emergencia no reportaron incidencias significativas.<\/p>\n","protected":false},"excerpt":{"rendered":"<p>El mercado energ\u00e9tico en Espa\u00f1a y Portugal ya est\u00e1 restablecido despu\u00e9s de que este lunes un ins\u00f3lito apag\u00f3n dejase sin suministro el\u00e9ctrico a toda la pen\u00ednsula ib\u00e9rica, por causas que a\u00fan se investigan. Sobre las 10:30 GMT del lunes un fallo el\u00e9ctrico de gran magnitud dej\u00f3 sin luz a toda la pen\u00ednsula ib\u00e9rica durante buena<a class=\"read-more\" href=\"https:\/\/globalnewsmexico.com\/sitio\/espana-y-portugal-restablecen-el-mercado-energico-e-investigan-las-causas-del-apagon\/\">Leer m\u00e1s<\/a><\/p>\n","protected":false},"author":11,"featured_media":68827,"comment_status":"closed","ping_status":"open","sticky":false,"template":"","format":"standard","meta":{"spay_email":"","footnotes":""},"categories":[48,42],"tags":[],"jetpack_featured_media_url":"https:\/\/globalnewsmexico.com\/sitio\/wp-content\/uploads\/2025\/04\/1370655xeu20250430115502.webp","jetpack_sharing_enabled":true,"jetpack_shortlink":"https:\/\/wp.me\/p9yqPL-hU6","jetpack_likes_enabled":true,"_links":{"self":[{"href":"https:\/\/globalnewsmexico.com\/sitio\/wp-json\/wp\/v2\/posts\/68826"}],"collection":[{"href":"https:\/\/globalnewsmexico.com\/sitio\/wp-json\/wp\/v2\/posts"}],"about":[{"href":"https:\/\/globalnewsmexico.com\/sitio\/wp-json\/wp\/v2\/types\/post"}],"author":[{"embeddable":true,"href":"https:\/\/globalnewsmexico.com\/sitio\/wp-json\/wp\/v2\/users\/11"}],"replies":[{"embeddable":true,"href":"https:\/\/globalnewsmexico.com\/sitio\/wp-json\/wp\/v2\/comments?post=68826"}],"version-history":[{"count":0,"href":"https:\/\/globalnewsmexico.com\/sitio\/wp-json\/wp\/v2\/posts\/68826\/revisions"}],"wp:featuredmedia":[{"embeddable":true,"href":"https:\/\/globalnewsmexico.com\/sitio\/wp-json\/wp\/v2\/media\/68827"}],"wp:attachment":[{"href":"https:\/\/globalnewsmexico.com\/sitio\/wp-json\/wp\/v2\/media?parent=68826"}],"wp:term":[{"taxonomy":"category","embeddable":true,"href":"https:\/\/globalnewsmexico.com\/sitio\/wp-json\/wp\/v2\/categories?post=68826"},{"taxonomy":"post_tag","embeddable":true,"href":"https:\/\/globalnewsmexico.com\/sitio\/wp-json\/wp\/v2\/tags?post=68826"}],"curies":[{"name":"wp","href":"https:\/\/api.w.org\/{rel}","templated":true}]}}