{"id":68828,"date":"2025-04-30T15:07:33","date_gmt":"2025-04-30T20:07:33","guid":{"rendered":"https:\/\/globalnewsmexico.com\/sitio\/?p=68828"},"modified":"2025-04-30T15:07:34","modified_gmt":"2025-04-30T20:07:34","slug":"identifican-a-los-asesinos-del-candidato-morenista-a-la-alcaldia-de-coxquihui","status":"publish","type":"post","link":"https:\/\/globalnewsmexico.com\/sitio\/identifican-a-los-asesinos-del-candidato-morenista-a-la-alcaldia-de-coxquihui\/","title":{"rendered":"Identifican a los asesinos del candidato morenista a la alcald\u00eda de Coxquihui"},"content":{"rendered":"\n<p>La gobernadora Roc\u00edo Nahle Garc\u00eda dio a conocer que se tiene identificados a los asesinos del candidato del Movimiento de Regeneraci\u00f3n Nacional (Morena) a la presidencia municipal de Coxquihui, Germ\u00e1n Anuar Valencia.<\/p>\n\n\n\n<p>En entrevista celebrada al finalizar la ceremonia por el 162 aniversario de la Batalla de Camar\u00f3n, Nahle Garc\u00eda dijo que se cuenta con videos de los hechos, por lo que la Fiscal\u00eda General del Estado (FGE) inici\u00f3 una l\u00ednea de investigaci\u00f3n.<\/p>\n\n\n\n<p>\u201cLos hechos de ayer s\u00ed hay videos, hay rostros, hay identificaci\u00f3n de personas y tiene la fiscal\u00eda pues ya una l\u00ednea de investigaci\u00f3n directa y vamos a esperar los resultados, aqu\u00ed no es puesto, no es personaje, aqu\u00ed es cada caso se revisa, se lleva\u201d, puntualiz\u00f3.<\/p>\n\n\n\n<p>La mandataria estatal coment\u00f3 que el homicidio del candidato morenista se trat\u00f3 en la reuni\u00f3n de seguridad que se celebr\u00f3 este domingo.<\/p>\n\n\n\n<p>La gobernadora aclar\u00f3 que Germ\u00e1n Anuar Valencia no hab\u00eda presentado denuncia por amenazas o solicitado protecci\u00f3n.<\/p>\n\n\n\n<p>Roc\u00edo Nahle Garc\u00eda aclar\u00f3 que la FGE no contaba con una denuncia o una orden de aprehensi\u00f3n en contra de Germ\u00e1n Anuar Valencia por homicidios ocurridos el 24 de abril pasado, sino que solo hab\u00eda se\u00f1alamientos.<\/p>\n\n\n\n<p>\u201cLe pregunt\u00e9 a la fiscal\u00eda si esta persona hab\u00eda sido citado, ten\u00eda una denuncia, una orden de aprehensi\u00f3n, ni ten\u00eda denuncia ni orden de aprehensi\u00f3n, nada, sino que en hechos del d\u00eda 24 de abril algunas personas lo hab\u00edan se\u00f1alado, nada m\u00e1s, sin pruebas, sin nada\u201d, insisti\u00f3.<\/p>\n\n\n\n<p>Nahle Garc\u00eda lament\u00f3 que los homicidas no solo atacaran al candidato morenista, sino a otras personas.<\/p>\n\n\n\n<p>Por otra parte, la mandataria estatal confirm\u00f3 que 22 candidatos solicitaron contar con protecci\u00f3n durante la campa\u00f1a electoral sin presentar denuncias, no obstante, asegur\u00f3 que se le proporcionar\u00e1 a quien lo pida.<\/p>\n\n\n\n<p>Adem\u00e1s, la gobernadora asegur\u00f3 que hay una estabilidad pol\u00edtica en el territorio veracruzano.<\/p>\n\n\n\n<p>\u201cPor encima de cualquier ambici\u00f3n personal o inter\u00e9s personal, por muy justo que sea, tiene que haber Estado de Derecho ante todo, y as\u00ed no se ganan las campa\u00f1as, as\u00ed no se ganan los puestos\u201d, finaliz\u00f3.<\/p>\n","protected":false},"excerpt":{"rendered":"<p>La gobernadora Roc\u00edo Nahle Garc\u00eda dio a conocer que se tiene identificados a los asesinos del candidato del Movimiento de Regeneraci\u00f3n Nacional (Morena) a la presidencia municipal de Coxquihui, Germ\u00e1n Anuar Valencia. En entrevista celebrada al finalizar la ceremonia por el 162 aniversario de la Batalla de Camar\u00f3n, Nahle Garc\u00eda dijo que se cuenta con<a class=\"read-more\" href=\"https:\/\/globalnewsmexico.com\/sitio\/identifican-a-los-asesinos-del-candidato-morenista-a-la-alcaldia-de-coxquihui\/\">Leer m\u00e1s<\/a><\/p>\n","protected":false},"author":11,"featured_media":68829,"comment_status":"closed","ping_status":"open","sticky":false,"template":"","format":"standard","meta":{"spay_email":"","footnotes":""},"categories":[40,39,50],"tags":[],"jetpack_featured_media_url":"https:\/\/globalnewsmexico.com\/sitio\/wp-content\/uploads\/2025\/04\/1370677xeu20250430134612.webp","jetpack_sharing_enabled":true,"jetpack_shortlink":"https:\/\/wp.me\/p9yqPL-hU8","jetpack_likes_enabled":true,"_links":{"self":[{"href":"https:\/\/globalnewsmexico.com\/sitio\/wp-json\/wp\/v2\/posts\/68828"}],"collection":[{"href":"https:\/\/globalnewsmexico.com\/sitio\/wp-json\/wp\/v2\/posts"}],"about":[{"href":"https:\/\/globalnewsmexico.com\/sitio\/wp-json\/wp\/v2\/types\/post"}],"author":[{"embeddable":true,"href":"https:\/\/globalnewsmexico.com\/sitio\/wp-json\/wp\/v2\/users\/11"}],"replies":[{"embeddable":true,"href":"https:\/\/globalnewsmexico.com\/sitio\/wp-json\/wp\/v2\/comments?post=68828"}],"version-history":[{"count":0,"href":"https:\/\/globalnewsmexico.com\/sitio\/wp-json\/wp\/v2\/posts\/68828\/revisions"}],"wp:featuredmedia":[{"embeddable":true,"href":"https:\/\/globalnewsmexico.com\/sitio\/wp-json\/wp\/v2\/media\/68829"}],"wp:attachment":[{"href":"https:\/\/globalnewsmexico.com\/sitio\/wp-json\/wp\/v2\/media?parent=68828"}],"wp:term":[{"taxonomy":"category","embeddable":true,"href":"https:\/\/globalnewsmexico.com\/sitio\/wp-json\/wp\/v2\/categories?post=68828"},{"taxonomy":"post_tag","embeddable":true,"href":"https:\/\/globalnewsmexico.com\/sitio\/wp-json\/wp\/v2\/tags?post=68828"}],"curies":[{"name":"wp","href":"https:\/\/api.w.org\/{rel}","templated":true}]}}