{"id":68830,"date":"2025-04-30T15:08:19","date_gmt":"2025-04-30T20:08:19","guid":{"rendered":"https:\/\/globalnewsmexico.com\/sitio\/?p=68830"},"modified":"2025-04-30T15:08:20","modified_gmt":"2025-04-30T20:08:20","slug":"candidato-de-morena-asesinado-no-tenia-denuncia-ni-orden-de-aprehension-en-su-contra-nahle","status":"publish","type":"post","link":"https:\/\/globalnewsmexico.com\/sitio\/candidato-de-morena-asesinado-no-tenia-denuncia-ni-orden-de-aprehension-en-su-contra-nahle\/","title":{"rendered":"Candidato de Morena asesinado no ten\u00eda denuncia ni orden de aprehensi\u00f3n en su contra: Nahle"},"content":{"rendered":"\n<p>La gobernadora de Veracruz, Roc\u00edo Nahle Garc\u00eda aclar\u00f3 que la Fiscal\u00eda General del Estado no contaba con una denuncia o una orden de aprehensi\u00f3n en contra de Germ\u00e1n Anuar Valencia, candidato de Morena para la alcald\u00eda de Coxquihui, por homicidios ocurridos el 24 de abril pasado, sino que solo hab\u00eda se\u00f1alamientos.<\/p>\n\n\n\n<p>\u201cLe pregunt\u00e9 a la fiscal\u00eda si esta persona hab\u00eda sido citado, ten\u00eda una denuncia, una orden de aprehensi\u00f3n, ni ten\u00eda denuncia ni orden de aprehensi\u00f3n, nada, sino que en hechos del d\u00eda 24 de abril algunas personas lo hab\u00edan se\u00f1alado, nada m\u00e1s, sin pruebas, sin nada\u201d, insisti\u00f3.<\/p>\n\n\n\n<p>A\u00f1adi\u00f3 que el candidato no hab\u00eda presentado denuncia por amenazas o solicitado protecci\u00f3n.<\/p>\n\n\n\n<p>Nahle Garc\u00eda lament\u00f3 que los homicidas no solo atacaran al candidato morenista, sino a otras personas.<\/p>\n\n\n\n<p>Por otra parte, la mandataria estatal confirm\u00f3 que 22 candidatos solicitaron contar con protecci\u00f3n durante la campa\u00f1a electoral sin presentar denuncias, no obstante, asegur\u00f3 que se le proporcionar\u00e1 a quien lo pida.<\/p>\n\n\n\n<p>Adem\u00e1s, la gobernadora asegur\u00f3 que hay una estabilidad pol\u00edtica en el territorio veracruzano.<\/p>\n\n\n\n<p>\u201cPor encima de cualquier ambici\u00f3n personal o inter\u00e9s personal, por muy justo que sea, tiene que haber Estado de Derecho ante todo, y as\u00ed no se ganan las campa\u00f1as, as\u00ed no se ganan los puestos\u201d, finaliz\u00f3.<\/p>\n","protected":false},"excerpt":{"rendered":"<p>La gobernadora de Veracruz, Roc\u00edo Nahle Garc\u00eda aclar\u00f3 que la Fiscal\u00eda General del Estado no contaba con una denuncia o una orden de aprehensi\u00f3n en contra de Germ\u00e1n Anuar Valencia, candidato de Morena para la alcald\u00eda de Coxquihui, por homicidios ocurridos el 24 de abril pasado, sino que solo hab\u00eda se\u00f1alamientos. \u201cLe pregunt\u00e9 a la<a class=\"read-more\" href=\"https:\/\/globalnewsmexico.com\/sitio\/candidato-de-morena-asesinado-no-tenia-denuncia-ni-orden-de-aprehension-en-su-contra-nahle\/\">Leer m\u00e1s<\/a><\/p>\n","protected":false},"author":11,"featured_media":68831,"comment_status":"closed","ping_status":"open","sticky":false,"template":"","format":"standard","meta":{"spay_email":"","footnotes":""},"categories":[39,50],"tags":[],"jetpack_featured_media_url":"https:\/\/i1.wp.com\/globalnewsmexico.com\/sitio\/wp-content\/uploads\/2025\/04\/nahle-coxquihui-734be788-focus-0-0.49-867-552.jpg?fit=867%2C552&ssl=1","jetpack_sharing_enabled":true,"jetpack_shortlink":"https:\/\/wp.me\/p9yqPL-hUa","jetpack_likes_enabled":true,"_links":{"self":[{"href":"https:\/\/globalnewsmexico.com\/sitio\/wp-json\/wp\/v2\/posts\/68830"}],"collection":[{"href":"https:\/\/globalnewsmexico.com\/sitio\/wp-json\/wp\/v2\/posts"}],"about":[{"href":"https:\/\/globalnewsmexico.com\/sitio\/wp-json\/wp\/v2\/types\/post"}],"author":[{"embeddable":true,"href":"https:\/\/globalnewsmexico.com\/sitio\/wp-json\/wp\/v2\/users\/11"}],"replies":[{"embeddable":true,"href":"https:\/\/globalnewsmexico.com\/sitio\/wp-json\/wp\/v2\/comments?post=68830"}],"version-history":[{"count":0,"href":"https:\/\/globalnewsmexico.com\/sitio\/wp-json\/wp\/v2\/posts\/68830\/revisions"}],"wp:featuredmedia":[{"embeddable":true,"href":"https:\/\/globalnewsmexico.com\/sitio\/wp-json\/wp\/v2\/media\/68831"}],"wp:attachment":[{"href":"https:\/\/globalnewsmexico.com\/sitio\/wp-json\/wp\/v2\/media?parent=68830"}],"wp:term":[{"taxonomy":"category","embeddable":true,"href":"https:\/\/globalnewsmexico.com\/sitio\/wp-json\/wp\/v2\/categories?post=68830"},{"taxonomy":"post_tag","embeddable":true,"href":"https:\/\/globalnewsmexico.com\/sitio\/wp-json\/wp\/v2\/tags?post=68830"}],"curies":[{"name":"wp","href":"https:\/\/api.w.org\/{rel}","templated":true}]}}