{"id":68832,"date":"2025-04-30T15:09:11","date_gmt":"2025-04-30T20:09:11","guid":{"rendered":"https:\/\/globalnewsmexico.com\/sitio\/?p=68832"},"modified":"2025-04-30T15:09:12","modified_gmt":"2025-04-30T20:09:12","slug":"mexico-y-francia-refrendan-fraternidad-en-aniversario-de-la-batalla-de-camaron","status":"publish","type":"post","link":"https:\/\/globalnewsmexico.com\/sitio\/mexico-y-francia-refrendan-fraternidad-en-aniversario-de-la-batalla-de-camaron\/","title":{"rendered":"M\u00e9xico y Francia refrendan fraternidad en aniversario de la Batalla de Camar\u00f3n"},"content":{"rendered":"\n<p>El Gobierno de<\/p>\n\n\n\n<p>Veracruz conmemor\u00f3 el 162 aniversario de la Batalla de Camar\u00f3n, rindiendo homenaje al hero\u00edsmo, valor y respeto de los ej\u00e9rcitos mexicano y franc\u00e9s, protagonistas de una de las p\u00e1ginas m\u00e1s significativas de la historia militar del pa\u00eds.<\/p>\n\n\n\n<p>Autoridades civiles y militares de ambas naciones, encabezadas por la gobernadora Roc\u00edo Nahle Garc\u00eda y la embajadora de Francia en M\u00e9xico, Delphine Borione, depositaron ofrendas florales y montaron guardias de honor al general Francisco de Paula Mil\u00e1n, al comandante Francisco Talavera, posteriormente en el Mausoleo Franco-Mexicano y el monumento a los H\u00e9roes mexicanos ca\u00eddos.<\/p>\n\n\n\n<p>Inmediatamente, presidieron el desfile c\u00edvico-militar que recorri\u00f3 la avenida De los H\u00e9roes, con la participaci\u00f3n de las secretar\u00edas de la Defensa Nacional, Marina y Seguridad P\u00fablica; abanderados de asociaciones franco-mexicanas; integrantes del Tercer Regimiento de la Legi\u00f3n Extranjera Francesa; y 362 estudiantes de<\/p>\n\n\n\n<p>distintos niveles educativos.<\/p>\n\n\n\n<p>La Mandataria destac\u00f3 que, en un mundo donde los conflictos ya no se libran \u00fanicamente con armas, sino tambi\u00e9n en los \u00e1mbitos econ\u00f3mico, ideol\u00f3gico y clim\u00e1tico, es fundamental que valores como la dignidad, el respeto mutuo y el amor a la tierra sigan guiando la pol\u00edtica exterior de las naciones.<\/p>\n\n\n\n<p>Bajo el liderazgo de la presidenta Claudia Sheinbaum, M\u00e9xico mantiene una postura firme de no intervenci\u00f3n, paz y cooperaci\u00f3n internacional, principios que han permitido fortalecer una relaci\u00f3n de hermandad con Francia, \u201cnunca m\u00e1s una guerra, nunca m\u00e1s intervenciones y siempre el respeto y la solidaridad para los pueblos hermanos de todo el mundo\u201d.<\/p>\n","protected":false},"excerpt":{"rendered":"<p>El Gobierno de Veracruz conmemor\u00f3 el 162 aniversario de la Batalla de Camar\u00f3n, rindiendo homenaje al hero\u00edsmo, valor y respeto de los ej\u00e9rcitos mexicano y franc\u00e9s, protagonistas de una de las p\u00e1ginas m\u00e1s significativas de la historia militar del pa\u00eds. Autoridades civiles y militares de ambas naciones, encabezadas por la gobernadora Roc\u00edo Nahle Garc\u00eda y<a class=\"read-more\" href=\"https:\/\/globalnewsmexico.com\/sitio\/mexico-y-francia-refrendan-fraternidad-en-aniversario-de-la-batalla-de-camaron\/\">Leer m\u00e1s<\/a><\/p>\n","protected":false},"author":11,"featured_media":68833,"comment_status":"closed","ping_status":"open","sticky":false,"template":"","format":"standard","meta":{"spay_email":"","footnotes":""},"categories":[49,48,50],"tags":[],"jetpack_featured_media_url":"https:\/\/i2.wp.com\/globalnewsmexico.com\/sitio\/wp-content\/uploads\/2025\/04\/494101375_1258348209632673_913530536716329467_n.jpg?fit=2048%2C1366&ssl=1","jetpack_sharing_enabled":true,"jetpack_shortlink":"https:\/\/wp.me\/p9yqPL-hUc","jetpack_likes_enabled":true,"_links":{"self":[{"href":"https:\/\/globalnewsmexico.com\/sitio\/wp-json\/wp\/v2\/posts\/68832"}],"collection":[{"href":"https:\/\/globalnewsmexico.com\/sitio\/wp-json\/wp\/v2\/posts"}],"about":[{"href":"https:\/\/globalnewsmexico.com\/sitio\/wp-json\/wp\/v2\/types\/post"}],"author":[{"embeddable":true,"href":"https:\/\/globalnewsmexico.com\/sitio\/wp-json\/wp\/v2\/users\/11"}],"replies":[{"embeddable":true,"href":"https:\/\/globalnewsmexico.com\/sitio\/wp-json\/wp\/v2\/comments?post=68832"}],"version-history":[{"count":0,"href":"https:\/\/globalnewsmexico.com\/sitio\/wp-json\/wp\/v2\/posts\/68832\/revisions"}],"wp:featuredmedia":[{"embeddable":true,"href":"https:\/\/globalnewsmexico.com\/sitio\/wp-json\/wp\/v2\/media\/68833"}],"wp:attachment":[{"href":"https:\/\/globalnewsmexico.com\/sitio\/wp-json\/wp\/v2\/media?parent=68832"}],"wp:term":[{"taxonomy":"category","embeddable":true,"href":"https:\/\/globalnewsmexico.com\/sitio\/wp-json\/wp\/v2\/categories?post=68832"},{"taxonomy":"post_tag","embeddable":true,"href":"https:\/\/globalnewsmexico.com\/sitio\/wp-json\/wp\/v2\/tags?post=68832"}],"curies":[{"name":"wp","href":"https:\/\/api.w.org\/{rel}","templated":true}]}}