{"id":68846,"date":"2025-05-02T13:42:17","date_gmt":"2025-05-02T18:42:17","guid":{"rendered":"https:\/\/globalnewsmexico.com\/sitio\/?p=68846"},"modified":"2025-05-02T13:42:18","modified_gmt":"2025-05-02T18:42:18","slug":"anuncia-nahle-2-nuevos-vuelos-desde-el-aeropuerto-de-veracruz","status":"publish","type":"post","link":"https:\/\/globalnewsmexico.com\/sitio\/anuncia-nahle-2-nuevos-vuelos-desde-el-aeropuerto-de-veracruz\/","title":{"rendered":"Anuncia Nahle 2 nuevos vuelos desde el aeropuerto de Veracruz"},"content":{"rendered":"\n<p>A partir del\u00a0<strong>2 de noviembre operar\u00e1 el nuevo vuelo Veracruz-Aeropuerto Felipe \u00c1ngeles<\/strong>\u00a0y del\u00a0<strong>pr\u00f3ximo 22 de mayo el Veracruz-Tijuana,<\/strong>\u00a0inform\u00f3 la gobernadora Roc\u00edo Nahle.<\/p>\n\n\n\n<p>El anuncio de estas nuevas conexiones a\u00e9reas que unir\u00e1n al aeropuerto \u201cHeriberto Jara Corona\u201d del puerto de Veracruz con la Ciudad de M\u00e9xico y el norte del pa\u00eds fue hecho por la mandataria estatal a trav\u00e9s de sus redes sociales, luego de participar en el Tianguis tur\u00edstico, en el estado de Baja California. &nbsp;<\/p>\n\n\n\n<p>Los d\u00edas&nbsp;<strong>martes, jueves y domingos, el vuelo desde Veracruz a Tijuana saldr\u00e1 a las 07:00 horas&nbsp;<\/strong>y de&nbsp;<strong>Tijuana al puerto de Veracruz, a las 01:45 horas.<\/strong><\/p>\n\n\n\n<p>Roc\u00edo Nahle Inform\u00f3:&nbsp;\u201cInauguramos dos nuevas rutas con Viva Aerobus en el Tianguis Tur\u00edstico de Baja California:<\/p>\n\n\n\n<p>*Veracruz &#8211; Tijuana<\/p>\n\n\n\n<p>*Veracruz &#8211; AIFA<\/p>\n\n\n\n<p>Estamos muy contentos con este nuevo lanzamiento que refuerza la conectividad de nuestro estado y genera la llegada de m\u00e1s turismo\u201d.<\/p>\n","protected":false},"excerpt":{"rendered":"<p>A partir del\u00a02 de noviembre operar\u00e1 el nuevo vuelo Veracruz-Aeropuerto Felipe \u00c1ngeles\u00a0y del\u00a0pr\u00f3ximo 22 de mayo el Veracruz-Tijuana,\u00a0inform\u00f3 la gobernadora Roc\u00edo Nahle. El anuncio de estas nuevas conexiones a\u00e9reas que unir\u00e1n al aeropuerto \u201cHeriberto Jara Corona\u201d del puerto de Veracruz con la Ciudad de M\u00e9xico y el norte del pa\u00eds fue hecho por la mandataria<a class=\"read-more\" href=\"https:\/\/globalnewsmexico.com\/sitio\/anuncia-nahle-2-nuevos-vuelos-desde-el-aeropuerto-de-veracruz\/\">Leer m\u00e1s<\/a><\/p>\n","protected":false},"author":11,"featured_media":68847,"comment_status":"closed","ping_status":"open","sticky":false,"template":"","format":"standard","meta":{"spay_email":"","footnotes":""},"categories":[40,50],"tags":[],"jetpack_featured_media_url":"https:\/\/globalnewsmexico.com\/sitio\/wp-content\/uploads\/2025\/05\/1370883xeu20250502074924.webp","jetpack_sharing_enabled":true,"jetpack_shortlink":"https:\/\/wp.me\/p9yqPL-hUq","jetpack_likes_enabled":true,"_links":{"self":[{"href":"https:\/\/globalnewsmexico.com\/sitio\/wp-json\/wp\/v2\/posts\/68846"}],"collection":[{"href":"https:\/\/globalnewsmexico.com\/sitio\/wp-json\/wp\/v2\/posts"}],"about":[{"href":"https:\/\/globalnewsmexico.com\/sitio\/wp-json\/wp\/v2\/types\/post"}],"author":[{"embeddable":true,"href":"https:\/\/globalnewsmexico.com\/sitio\/wp-json\/wp\/v2\/users\/11"}],"replies":[{"embeddable":true,"href":"https:\/\/globalnewsmexico.com\/sitio\/wp-json\/wp\/v2\/comments?post=68846"}],"version-history":[{"count":0,"href":"https:\/\/globalnewsmexico.com\/sitio\/wp-json\/wp\/v2\/posts\/68846\/revisions"}],"wp:featuredmedia":[{"embeddable":true,"href":"https:\/\/globalnewsmexico.com\/sitio\/wp-json\/wp\/v2\/media\/68847"}],"wp:attachment":[{"href":"https:\/\/globalnewsmexico.com\/sitio\/wp-json\/wp\/v2\/media?parent=68846"}],"wp:term":[{"taxonomy":"category","embeddable":true,"href":"https:\/\/globalnewsmexico.com\/sitio\/wp-json\/wp\/v2\/categories?post=68846"},{"taxonomy":"post_tag","embeddable":true,"href":"https:\/\/globalnewsmexico.com\/sitio\/wp-json\/wp\/v2\/tags?post=68846"}],"curies":[{"name":"wp","href":"https:\/\/api.w.org\/{rel}","templated":true}]}}