{"id":68848,"date":"2025-05-02T13:43:38","date_gmt":"2025-05-02T18:43:38","guid":{"rendered":"https:\/\/globalnewsmexico.com\/sitio\/?p=68848"},"modified":"2025-05-02T13:43:39","modified_gmt":"2025-05-02T18:43:39","slug":"150-maestros-comisionados-regresan-a-las-aulas-aun-faltan-mas-advierte-sev","status":"publish","type":"post","link":"https:\/\/globalnewsmexico.com\/sitio\/150-maestros-comisionados-regresan-a-las-aulas-aun-faltan-mas-advierte-sev\/","title":{"rendered":"150 maestros comisionados regresan a las aulas; a\u00fan faltan m\u00e1s, advierte SEV"},"content":{"rendered":"\n<p>&nbsp;Desde el inicio de la actual administraci\u00f3n, al menos 150 docentes que se encontraban comisionados en actividades distintas a la docencia han regresado a las aulas, inform\u00f3 la titular de la Secretar\u00eda de Educaci\u00f3n de Veracruz (SEV), Claudia Tello Espinosa.<\/p>\n\n\n\n<p>Se\u00f1al\u00f3 que, en cumplimiento de un acuerdo con la SEV, los maestros que permanecen comisionados a sindicatos deber\u00e1n reincorporarse a labores docentes en los primeros d\u00edas de mayo.<\/p>\n\n\n\n<p>\u201cHemos encontrado algunos maestros en comisiones y los seguimos invitando a regresar a trabajar. Necesitamos que todos se dediquen a la funci\u00f3n docente\u201d, afirm\u00f3.<\/p>\n\n\n\n<p>Tello Espinosa precis\u00f3 que estos maestros no desempe\u00f1an funciones administrativas, por lo que deben reintegrarse a las aulas.<\/p>\n\n\n\n<p>Por otro lado, respecto a los robos en planteles escolares tras el reciente periodo vacacional, indic\u00f3 que los incidentes se concentraron principalmente en la zona sur del estado.<\/p>\n","protected":false},"excerpt":{"rendered":"<p>&nbsp;Desde el inicio de la actual administraci\u00f3n, al menos 150 docentes que se encontraban comisionados en actividades distintas a la docencia han regresado a las aulas, inform\u00f3 la titular de la Secretar\u00eda de Educaci\u00f3n de Veracruz (SEV), Claudia Tello Espinosa. Se\u00f1al\u00f3 que, en cumplimiento de un acuerdo con la SEV, los maestros que permanecen comisionados<a class=\"read-more\" href=\"https:\/\/globalnewsmexico.com\/sitio\/150-maestros-comisionados-regresan-a-las-aulas-aun-faltan-mas-advierte-sev\/\">Leer m\u00e1s<\/a><\/p>\n","protected":false},"author":11,"featured_media":68849,"comment_status":"closed","ping_status":"open","sticky":false,"template":"","format":"standard","meta":{"spay_email":"","footnotes":""},"categories":[49,50],"tags":[],"jetpack_featured_media_url":"https:\/\/globalnewsmexico.com\/sitio\/wp-content\/uploads\/2025\/05\/1370925xeu20250502132153.webp","jetpack_sharing_enabled":true,"jetpack_shortlink":"https:\/\/wp.me\/p9yqPL-hUs","jetpack_likes_enabled":true,"_links":{"self":[{"href":"https:\/\/globalnewsmexico.com\/sitio\/wp-json\/wp\/v2\/posts\/68848"}],"collection":[{"href":"https:\/\/globalnewsmexico.com\/sitio\/wp-json\/wp\/v2\/posts"}],"about":[{"href":"https:\/\/globalnewsmexico.com\/sitio\/wp-json\/wp\/v2\/types\/post"}],"author":[{"embeddable":true,"href":"https:\/\/globalnewsmexico.com\/sitio\/wp-json\/wp\/v2\/users\/11"}],"replies":[{"embeddable":true,"href":"https:\/\/globalnewsmexico.com\/sitio\/wp-json\/wp\/v2\/comments?post=68848"}],"version-history":[{"count":0,"href":"https:\/\/globalnewsmexico.com\/sitio\/wp-json\/wp\/v2\/posts\/68848\/revisions"}],"wp:featuredmedia":[{"embeddable":true,"href":"https:\/\/globalnewsmexico.com\/sitio\/wp-json\/wp\/v2\/media\/68849"}],"wp:attachment":[{"href":"https:\/\/globalnewsmexico.com\/sitio\/wp-json\/wp\/v2\/media?parent=68848"}],"wp:term":[{"taxonomy":"category","embeddable":true,"href":"https:\/\/globalnewsmexico.com\/sitio\/wp-json\/wp\/v2\/categories?post=68848"},{"taxonomy":"post_tag","embeddable":true,"href":"https:\/\/globalnewsmexico.com\/sitio\/wp-json\/wp\/v2\/tags?post=68848"}],"curies":[{"name":"wp","href":"https:\/\/api.w.org\/{rel}","templated":true}]}}