{"id":68894,"date":"2025-06-06T19:45:40","date_gmt":"2025-06-07T00:45:40","guid":{"rendered":"https:\/\/globalnewsmexico.com\/sitio\/?p=68894"},"modified":"2025-06-06T19:45:41","modified_gmt":"2025-06-07T00:45:41","slug":"claudia-sheinbaum-supervisa-avance-del-imss-bienestar-en-ixtapaluca-y-lanza-programa-de-atencion-medica-domiciliaria","status":"publish","type":"post","link":"https:\/\/globalnewsmexico.com\/sitio\/claudia-sheinbaum-supervisa-avance-del-imss-bienestar-en-ixtapaluca-y-lanza-programa-de-atencion-medica-domiciliaria\/","title":{"rendered":"Claudia Sheinbaum supervisa avance del IMSS-Bienestar en Ixtapaluca y lanza programa de atenci\u00f3n m\u00e9dica domiciliaria"},"content":{"rendered":"\n<h3 class=\"wp-block-heading\"><strong>Ixtapaluca<\/strong><\/h3>\n\n\n\n<p>En una gira de trabajo por el Estado de M\u00e9xico, la presidenta de la Rep\u00fablica, Claudia Sheinbaum Pardo, visit\u00f3 este jueves el Hospital Regional de Alta Especialidad de Ixtapaluca para supervisar los avances del modelo IMSS-Bienestar en la entidad. Estuvo acompa\u00f1ada por la gobernadora Delfina G\u00f3mez \u00c1lvarez y autoridades del sector salud.<\/p>\n\n\n\n<p>Durante su recorrido, Sheinbaum escuch\u00f3 de primera mano los testimonios de pacientes y trabajadores del hospital, quienes destacaron los beneficios del sistema de atenci\u00f3n integral que busca fortalecer la atenci\u00f3n primaria en comunidades de alta marginaci\u00f3n.<\/p>\n\n\n\n<figure class=\"wp-block-gallery has-nested-images columns-default is-cropped wp-block-gallery-1 is-layout-flex wp-block-gallery-is-layout-flex\">\n<figure class=\"wp-block-image size-large\"><a href=\"https:\/\/i1.wp.com\/globalnewsmexico.com\/sitio\/wp-content\/uploads\/2025\/06\/7.png?ssl=1\"><img loading=\"lazy\" decoding=\"async\" width=\"800\" height=\"671\" data-id=\"68895\" src=\"https:\/\/i1.wp.com\/globalnewsmexico.com\/sitio\/wp-content\/uploads\/2025\/06\/7.png?resize=800%2C671&#038;ssl=1\" alt=\"\" class=\"wp-image-68895\" srcset=\"https:\/\/i1.wp.com\/globalnewsmexico.com\/sitio\/wp-content\/uploads\/2025\/06\/7.png?w=940&amp;ssl=1 940w, https:\/\/i1.wp.com\/globalnewsmexico.com\/sitio\/wp-content\/uploads\/2025\/06\/7.png?resize=300%2C251&amp;ssl=1 300w, https:\/\/i1.wp.com\/globalnewsmexico.com\/sitio\/wp-content\/uploads\/2025\/06\/7.png?resize=768%2C644&amp;ssl=1 768w, https:\/\/i1.wp.com\/globalnewsmexico.com\/sitio\/wp-content\/uploads\/2025\/06\/7.png?resize=580%2C486&amp;ssl=1 580w, https:\/\/i1.wp.com\/globalnewsmexico.com\/sitio\/wp-content\/uploads\/2025\/06\/7.png?resize=304%2C255&amp;ssl=1 304w, https:\/\/i1.wp.com\/globalnewsmexico.com\/sitio\/wp-content\/uploads\/2025\/06\/7.png?resize=418%2C350&amp;ssl=1 418w\" sizes=\"(max-width: 800px) 100vw, 800px\" data-recalc-dims=\"1\" \/><\/a><\/figure>\n<\/figure>\n\n\n\n<p>En este mismo marco, la presidenta dio el banderazo de salida al programa \u201cSalud Casa por Casa\u201d, una estrategia orientada a acercar los servicios m\u00e9dicos a las familias en situaci\u00f3n de vulnerabilidad. El programa contempla brigadas que realizar\u00e1n visitas domiciliarias para brindar atenci\u00f3n preventiva, detecci\u00f3n de enfermedades y canalizaci\u00f3n a servicios especializados.<\/p>\n\n\n\n<p>\u201cEl acceso a la salud debe ser un derecho garantizado, no un privilegio\u201d, reiter\u00f3 Sheinbaum durante su mensaje, al destacar que esta pol\u00edtica forma parte de los ejes centrales del Gobierno de la Transformaci\u00f3n.<\/p>\n\n\n\n<p>Por su parte, autoridades estatales agradecieron el respaldo del Gobierno Federal y se\u00f1alaron que estas acciones son clave para reducir las brechas de desigualdad en materia de salud en el Estado de M\u00e9xico.<\/p>\n\n\n\n<p>El programa arrancar\u00e1 con cobertura en zonas de alta prioridad y se prev\u00e9 su expansi\u00f3n a otras regiones del pa\u00eds en los pr\u00f3ximos meses.<\/p>\n","protected":false},"excerpt":{"rendered":"<p>Ixtapaluca En una gira de trabajo por el Estado de M\u00e9xico, la presidenta de la Rep\u00fablica, Claudia Sheinbaum Pardo, visit\u00f3 este jueves el Hospital Regional de Alta Especialidad de Ixtapaluca para supervisar los avances del modelo IMSS-Bienestar en la entidad. Estuvo acompa\u00f1ada por la gobernadora Delfina G\u00f3mez \u00c1lvarez y autoridades del sector salud. Durante su<a class=\"read-more\" href=\"https:\/\/globalnewsmexico.com\/sitio\/claudia-sheinbaum-supervisa-avance-del-imss-bienestar-en-ixtapaluca-y-lanza-programa-de-atencion-medica-domiciliaria\/\">Leer m\u00e1s<\/a><\/p>\n","protected":false},"author":13,"featured_media":68896,"comment_status":"closed","ping_status":"open","sticky":false,"template":"","format":"standard","meta":{"spay_email":"","footnotes":""},"categories":[208],"tags":[211,214,213,215],"jetpack_featured_media_url":"https:\/\/i0.wp.com\/globalnewsmexico.com\/sitio\/wp-content\/uploads\/2025\/06\/5.png?fit=940%2C788&ssl=1","jetpack_sharing_enabled":true,"jetpack_shortlink":"https:\/\/wp.me\/p9yqPL-hVc","jetpack_likes_enabled":true,"_links":{"self":[{"href":"https:\/\/globalnewsmexico.com\/sitio\/wp-json\/wp\/v2\/posts\/68894"}],"collection":[{"href":"https:\/\/globalnewsmexico.com\/sitio\/wp-json\/wp\/v2\/posts"}],"about":[{"href":"https:\/\/globalnewsmexico.com\/sitio\/wp-json\/wp\/v2\/types\/post"}],"author":[{"embeddable":true,"href":"https:\/\/globalnewsmexico.com\/sitio\/wp-json\/wp\/v2\/users\/13"}],"replies":[{"embeddable":true,"href":"https:\/\/globalnewsmexico.com\/sitio\/wp-json\/wp\/v2\/comments?post=68894"}],"version-history":[{"count":0,"href":"https:\/\/globalnewsmexico.com\/sitio\/wp-json\/wp\/v2\/posts\/68894\/revisions"}],"wp:featuredmedia":[{"embeddable":true,"href":"https:\/\/globalnewsmexico.com\/sitio\/wp-json\/wp\/v2\/media\/68896"}],"wp:attachment":[{"href":"https:\/\/globalnewsmexico.com\/sitio\/wp-json\/wp\/v2\/media?parent=68894"}],"wp:term":[{"taxonomy":"category","embeddable":true,"href":"https:\/\/globalnewsmexico.com\/sitio\/wp-json\/wp\/v2\/categories?post=68894"},{"taxonomy":"post_tag","embeddable":true,"href":"https:\/\/globalnewsmexico.com\/sitio\/wp-json\/wp\/v2\/tags?post=68894"}],"curies":[{"name":"wp","href":"https:\/\/api.w.org\/{rel}","templated":true}]}}