{"id":68937,"date":"2025-06-11T13:52:12","date_gmt":"2025-06-11T18:52:12","guid":{"rendered":"https:\/\/globalnewsmexico.com\/sitio\/?p=68937"},"modified":"2025-06-11T13:55:39","modified_gmt":"2025-06-11T18:55:39","slug":"suman-61-mexicanos-detenidos-en-redadas-de-los-angeles","status":"publish","type":"post","link":"https:\/\/globalnewsmexico.com\/sitio\/suman-61-mexicanos-detenidos-en-redadas-de-los-angeles\/","title":{"rendered":"Suman 61 mexicanos detenidos en redadas de Los \u00c1ngeles"},"content":{"rendered":"\n<p>La presidenta de M\u00e9xico, Claudia Sheinbaum Pardo, confirm\u00f3 este mi\u00e9rcoles que\u00a0hay 61 mexicanos detenidos tras las redadas llevadas a cabo en Los \u00c1ngeles, California, ante ello dej\u00f3 en claro que los consulados han atendido a los connacionales capturados en los \u00faltimos d\u00edas.\u00a0<\/p>\n\n\n\n<p><\/p>\n\n\n\n<p>\u00abSon 61 con nacionales que han sido detenidos que est\u00e1n en centros de detenci\u00f3n. Est\u00e1n en contacto todos con los consulados, en particular, el consulado de Los \u00c1ngeles y pues tambi\u00e9n con todas sus familias y d\u00e1ndoles todo el apoyo que requiere\u00bb, apunt\u00f3.<\/p>\n\n\n\n<p>\u201cHay de esta situaci\u00f3n detenidos no solamente mexicanos,&nbsp;hay de otras nacionalidades y tambi\u00e9n muchos estadounidenses\u201d, puntualiz\u00f3.<\/p>\n\n\n\n<p>Cabe mencionar que la&nbsp;Coalici\u00f3n por los Derechos Humanos de los Inmigrantes de Los \u00c1ngeles (CHIRLA) estim\u00f3 en la previa, que al menos unos 300 migrantes han sido detenidos en las&nbsp;redadas emprendidas en California por el Gobierno de Donald Trump.<\/p>\n","protected":false},"excerpt":{"rendered":"<p>La presidenta de M\u00e9xico, Claudia Sheinbaum Pardo, confirm\u00f3 este mi\u00e9rcoles que\u00a0hay 61 mexicanos detenidos tras las redadas llevadas a cabo en Los \u00c1ngeles, California, ante ello dej\u00f3 en claro que los consulados han atendido a los connacionales capturados en los \u00faltimos d\u00edas.\u00a0 \u00abSon 61 con nacionales que han sido detenidos que est\u00e1n en centros de<a class=\"read-more\" href=\"https:\/\/globalnewsmexico.com\/sitio\/suman-61-mexicanos-detenidos-en-redadas-de-los-angeles\/\">Leer m\u00e1s<\/a><\/p>\n","protected":false},"author":11,"featured_media":68938,"comment_status":"closed","ping_status":"open","sticky":false,"template":"","format":"standard","meta":{"spay_email":"","footnotes":""},"categories":[49,48,39],"tags":[],"jetpack_featured_media_url":"https:\/\/globalnewsmexico.com\/sitio\/wp-content\/uploads\/2025\/06\/1376035xeu20250611121047.webp","jetpack_sharing_enabled":true,"jetpack_shortlink":"https:\/\/wp.me\/p9yqPL-hVT","jetpack_likes_enabled":true,"_links":{"self":[{"href":"https:\/\/globalnewsmexico.com\/sitio\/wp-json\/wp\/v2\/posts\/68937"}],"collection":[{"href":"https:\/\/globalnewsmexico.com\/sitio\/wp-json\/wp\/v2\/posts"}],"about":[{"href":"https:\/\/globalnewsmexico.com\/sitio\/wp-json\/wp\/v2\/types\/post"}],"author":[{"embeddable":true,"href":"https:\/\/globalnewsmexico.com\/sitio\/wp-json\/wp\/v2\/users\/11"}],"replies":[{"embeddable":true,"href":"https:\/\/globalnewsmexico.com\/sitio\/wp-json\/wp\/v2\/comments?post=68937"}],"version-history":[{"count":0,"href":"https:\/\/globalnewsmexico.com\/sitio\/wp-json\/wp\/v2\/posts\/68937\/revisions"}],"wp:featuredmedia":[{"embeddable":true,"href":"https:\/\/globalnewsmexico.com\/sitio\/wp-json\/wp\/v2\/media\/68938"}],"wp:attachment":[{"href":"https:\/\/globalnewsmexico.com\/sitio\/wp-json\/wp\/v2\/media?parent=68937"}],"wp:term":[{"taxonomy":"category","embeddable":true,"href":"https:\/\/globalnewsmexico.com\/sitio\/wp-json\/wp\/v2\/categories?post=68937"},{"taxonomy":"post_tag","embeddable":true,"href":"https:\/\/globalnewsmexico.com\/sitio\/wp-json\/wp\/v2\/tags?post=68937"}],"curies":[{"name":"wp","href":"https:\/\/api.w.org\/{rel}","templated":true}]}}