{"id":68955,"date":"2025-06-11T14:22:08","date_gmt":"2025-06-11T19:22:08","guid":{"rendered":"https:\/\/globalnewsmexico.com\/sitio\/?p=68955"},"modified":"2025-06-11T14:27:41","modified_gmt":"2025-06-11T19:27:41","slug":"nos-reunimos-con-christopher-landau-para-tratar-temas-de-la-relacion-mexico-eu-sheinbaum","status":"publish","type":"post","link":"https:\/\/globalnewsmexico.com\/sitio\/nos-reunimos-con-christopher-landau-para-tratar-temas-de-la-relacion-mexico-eu-sheinbaum\/","title":{"rendered":"Nos reunimos con Christopher Landau para tratar temas de la relaci\u00f3n M\u00e9xico-EU: Sheinbaum"},"content":{"rendered":"\n<p>\u201cNos reunimos en Palacio Nacional con Christopher Landau, subsecretario de Estado, para conversar sobre diversos temas de la relaci\u00f3n M\u00e9xico-Estados Unidos\u201d, inform\u00f3 la presidenta Claudia Sheinbaum Pardo.<\/p>\n\n\n\n<p>Cabe destacar que durante casi dos horas, la presidenta Claudia Sheinbaum convers\u00f3 con Christopher Landau, subsecretario de Estado de Estados Unidos, sobre diversos temas de la relaci\u00f3n entre ambos pa\u00edses.<\/p>\n\n\n\n<p>La mandataria nacional comparti\u00f3 im\u00e1genes del encuentro sin detallar al respecto.<\/p>\n\n\n\n<p>En la reuni\u00f3n tambi\u00e9n estuvieron el canciller Juan Ram\u00f3n de la Fuente, el titular de la Secretar\u00eda de Seguridad, Omar Garc\u00eda Harfuch y funcionarios de la Secretar\u00eda de Relaciones Exteriores.<\/p>\n","protected":false},"excerpt":{"rendered":"<p>\u201cNos reunimos en Palacio Nacional con Christopher Landau, subsecretario de Estado, para conversar sobre diversos temas de la relaci\u00f3n M\u00e9xico-Estados Unidos\u201d, inform\u00f3 la presidenta Claudia Sheinbaum Pardo. Cabe destacar que durante casi dos horas, la presidenta Claudia Sheinbaum convers\u00f3 con Christopher Landau, subsecretario de Estado de Estados Unidos, sobre diversos temas de la relaci\u00f3n entre<a class=\"read-more\" href=\"https:\/\/globalnewsmexico.com\/sitio\/nos-reunimos-con-christopher-landau-para-tratar-temas-de-la-relacion-mexico-eu-sheinbaum\/\">Leer m\u00e1s<\/a><\/p>\n","protected":false},"author":11,"featured_media":68956,"comment_status":"closed","ping_status":"open","sticky":false,"template":"","format":"standard","meta":{"spay_email":"","footnotes":""},"categories":[8,40,49,39],"tags":[177,233],"jetpack_featured_media_url":"https:\/\/globalnewsmexico.com\/sitio\/wp-content\/uploads\/2025\/06\/1376049xeu20250611135413.webp","jetpack_sharing_enabled":true,"jetpack_shortlink":"https:\/\/wp.me\/p9yqPL-hWb","jetpack_likes_enabled":true,"_links":{"self":[{"href":"https:\/\/globalnewsmexico.com\/sitio\/wp-json\/wp\/v2\/posts\/68955"}],"collection":[{"href":"https:\/\/globalnewsmexico.com\/sitio\/wp-json\/wp\/v2\/posts"}],"about":[{"href":"https:\/\/globalnewsmexico.com\/sitio\/wp-json\/wp\/v2\/types\/post"}],"author":[{"embeddable":true,"href":"https:\/\/globalnewsmexico.com\/sitio\/wp-json\/wp\/v2\/users\/11"}],"replies":[{"embeddable":true,"href":"https:\/\/globalnewsmexico.com\/sitio\/wp-json\/wp\/v2\/comments?post=68955"}],"version-history":[{"count":0,"href":"https:\/\/globalnewsmexico.com\/sitio\/wp-json\/wp\/v2\/posts\/68955\/revisions"}],"wp:featuredmedia":[{"embeddable":true,"href":"https:\/\/globalnewsmexico.com\/sitio\/wp-json\/wp\/v2\/media\/68956"}],"wp:attachment":[{"href":"https:\/\/globalnewsmexico.com\/sitio\/wp-json\/wp\/v2\/media?parent=68955"}],"wp:term":[{"taxonomy":"category","embeddable":true,"href":"https:\/\/globalnewsmexico.com\/sitio\/wp-json\/wp\/v2\/categories?post=68955"},{"taxonomy":"post_tag","embeddable":true,"href":"https:\/\/globalnewsmexico.com\/sitio\/wp-json\/wp\/v2\/tags?post=68955"}],"curies":[{"name":"wp","href":"https:\/\/api.w.org\/{rel}","templated":true}]}}