{"id":68958,"date":"2025-06-11T16:00:00","date_gmt":"2025-06-11T21:00:00","guid":{"rendered":"https:\/\/globalnewsmexico.com\/sitio\/?p=68958"},"modified":"2025-06-11T16:07:51","modified_gmt":"2025-06-11T21:07:51","slug":"toluca-celebrara-la-torta-mas-grande-del-mundo-este-domingo","status":"publish","type":"post","link":"https:\/\/globalnewsmexico.com\/sitio\/toluca-celebrara-la-torta-mas-grande-del-mundo-este-domingo\/","title":{"rendered":"Toluca celebrar\u00e1 la torta m\u00e1s grande del mundo este domingo"},"content":{"rendered":"\n<h2 class=\"wp-block-heading\"><strong>Toluca, Estado de M\u00e9xico, 11 de junio de 2025.<\/strong><\/h2>\n\n\n\n<p>El pr\u00f3ximo <strong>domingo 15 de junio<\/strong>, Toluca ser\u00e1 sede de un evento sin precedentes: la elaboraci\u00f3n de <strong>la torta m\u00e1s grande del mundo<\/strong>, con <strong>80 metros de longitud y 100 kilos de chorizo<\/strong>, como parte del <strong>Festival Entre Pinceles, Cinceles y Sabores<\/strong>.<\/p>\n\n\n\n<h3 class=\"wp-block-heading\">Fiesta gastron\u00f3mica y cultural<\/h3>\n\n\n\n<p>La monumental torta ser\u00e1 preparada en el <strong>Centro Hist\u00f3rico de Toluca a partir de las 10:00 horas<\/strong>, y podr\u00e1 ser degustada de forma gratuita por los asistentes. Este evento forma parte del festival que se llevar\u00e1 a cabo del <strong>13 al 15 de junio<\/strong>, con actividades pensadas para toda la familia.<\/p>\n\n\n\n<p>Adem\u00e1s de la torta gigante, habr\u00e1:<\/p>\n\n\n\n<ul>\n<li><strong>Bazar de cerveza y chorizo<\/strong> (a partir de las 11:00 h)<\/li>\n\n\n\n<li><strong>Conciertos gratuitos<\/strong> con artistas como:\n<ul>\n<li><em>Kokoro\u2019s Boleros<\/em><\/li>\n\n\n\n<li><em>Big Band Jazz de M\u00e9xico<\/em><\/li>\n\n\n\n<li><em>La Changa<\/em><\/li>\n<\/ul>\n<\/li>\n<\/ul>\n\n\n\n<h3 class=\"wp-block-heading\">Toluca presume su herencia culinaria<\/h3>\n\n\n\n<p>El presidente municipal <strong>Ricardo Moreno Bastida<\/strong> destac\u00f3 que el festival es una forma de rendir homenaje al legado del chorizo toluque\u00f1o y la tradici\u00f3n cervecera local. Asimismo, invit\u00f3 a la ciudadan\u00eda a disfrutar de un espacio para el arte, la cultura y la convivencia comunitaria.<\/p>\n\n\n\n<blockquote class=\"wp-block-quote is-layout-flow wp-block-quote-is-layout-flow\">\n<p>\u201cQueremos que Toluca sea referente de eventos culturales y gastron\u00f3micos que unan a las familias y promuevan nuestro patrimonio\u201d, afirm\u00f3 el edil.<\/p>\n<\/blockquote>\n\n\n\n<h3 class=\"wp-block-heading\">Actividades adicionales del festival<\/h3>\n\n\n\n<p>Durante los tres d\u00edas del evento, se realizar\u00e1n:<\/p>\n\n\n\n<ul>\n<li>Conferencias sobre arte y gastronom\u00eda<\/li>\n\n\n\n<li>Catas de cerveza y vino<\/li>\n\n\n\n<li>Talleres de cocina y arte<\/li>\n\n\n\n<li>Clases magistrales de acuarela y cocina prehisp\u00e1nica<\/li>\n<\/ul>\n\n\n\n<p>La <strong>Secretar\u00eda de Cultura y Turismo<\/strong> y la <strong>Direcci\u00f3n de Educaci\u00f3n, Cultura y Turismo<\/strong> informaron que este ser\u00e1 el <strong>s\u00e9ptimo festival impulsado en lo que va de la administraci\u00f3n<\/strong>, reafirmando el compromiso por recuperar el espacio p\u00fablico y fomentar la cultura local.<\/p>\n\n\n\n<hr class=\"wp-block-separator has-alpha-channel-opacity\"\/>\n\n\n\n<p><strong>\u00a1No te lo pierdas!<\/strong> Toluca te espera con arte, sabor y tradici\u00f3n.<\/p>\n","protected":false},"excerpt":{"rendered":"<p>Toluca, Estado de M\u00e9xico, 11 de junio de 2025. El pr\u00f3ximo domingo 15 de junio, Toluca ser\u00e1 sede de un evento sin precedentes: la elaboraci\u00f3n de la torta m\u00e1s grande del mundo, con 80 metros de longitud y 100 kilos de chorizo, como parte del Festival Entre Pinceles, Cinceles y Sabores. Fiesta gastron\u00f3mica y cultural<a class=\"read-more\" href=\"https:\/\/globalnewsmexico.com\/sitio\/toluca-celebrara-la-torta-mas-grande-del-mundo-este-domingo\/\">Leer m\u00e1s<\/a><\/p>\n","protected":false},"author":13,"featured_media":68959,"comment_status":"closed","ping_status":"open","sticky":false,"template":"","format":"standard","meta":{"spay_email":"","footnotes":""},"categories":[208],"tags":[236,211,235,209,234],"jetpack_featured_media_url":"https:\/\/i1.wp.com\/globalnewsmexico.com\/sitio\/wp-content\/uploads\/2025\/06\/GLOBAL-PLANTILLAS-15-1.png?fit=940%2C788&ssl=1","jetpack_sharing_enabled":true,"jetpack_shortlink":"https:\/\/wp.me\/p9yqPL-hWe","jetpack_likes_enabled":true,"_links":{"self":[{"href":"https:\/\/globalnewsmexico.com\/sitio\/wp-json\/wp\/v2\/posts\/68958"}],"collection":[{"href":"https:\/\/globalnewsmexico.com\/sitio\/wp-json\/wp\/v2\/posts"}],"about":[{"href":"https:\/\/globalnewsmexico.com\/sitio\/wp-json\/wp\/v2\/types\/post"}],"author":[{"embeddable":true,"href":"https:\/\/globalnewsmexico.com\/sitio\/wp-json\/wp\/v2\/users\/13"}],"replies":[{"embeddable":true,"href":"https:\/\/globalnewsmexico.com\/sitio\/wp-json\/wp\/v2\/comments?post=68958"}],"version-history":[{"count":0,"href":"https:\/\/globalnewsmexico.com\/sitio\/wp-json\/wp\/v2\/posts\/68958\/revisions"}],"wp:featuredmedia":[{"embeddable":true,"href":"https:\/\/globalnewsmexico.com\/sitio\/wp-json\/wp\/v2\/media\/68959"}],"wp:attachment":[{"href":"https:\/\/globalnewsmexico.com\/sitio\/wp-json\/wp\/v2\/media?parent=68958"}],"wp:term":[{"taxonomy":"category","embeddable":true,"href":"https:\/\/globalnewsmexico.com\/sitio\/wp-json\/wp\/v2\/categories?post=68958"},{"taxonomy":"post_tag","embeddable":true,"href":"https:\/\/globalnewsmexico.com\/sitio\/wp-json\/wp\/v2\/tags?post=68958"}],"curies":[{"name":"wp","href":"https:\/\/api.w.org\/{rel}","templated":true}]}}