{"id":68974,"date":"2025-06-12T16:09:10","date_gmt":"2025-06-12T21:09:10","guid":{"rendered":"https:\/\/globalnewsmexico.com\/sitio\/?p=68974"},"modified":"2025-06-12T16:09:11","modified_gmt":"2025-06-12T21:09:11","slug":"edomex-reafirma-compromiso-con-la-proteccion-del-nevado-de-toluca","status":"publish","type":"post","link":"https:\/\/globalnewsmexico.com\/sitio\/edomex-reafirma-compromiso-con-la-proteccion-del-nevado-de-toluca\/","title":{"rendered":"Edom\u00e9x reafirma compromiso con la protecci\u00f3n del Nevado de Toluca"},"content":{"rendered":"\n<h2 class=\"wp-block-heading\"><strong>Toluca, Estado de M\u00e9xico<\/strong><\/h2>\n\n\n\n<p>En el marco de la <strong>11\u00aa Sesi\u00f3n Ordinaria del Consejo Asesor del \u00c1rea de Protecci\u00f3n de Flora y Fauna (APFF) Nevado de Toluca<\/strong>, el Gobierno del Estado de M\u00e9xico reiter\u00f3 su compromiso con la <strong>conservaci\u00f3n del Nevado<\/strong>, una de las \u00c1reas Naturales Protegidas m\u00e1s emblem\u00e1ticas del pa\u00eds.<\/p>\n\n\n\n<p>En representaci\u00f3n de la gobernadora <strong>Delfina G\u00f3mez \u00c1lvarez<\/strong>, autoridades estatales participaron en la revisi\u00f3n de acciones y estrategias que buscan <strong>fortalecer la protecci\u00f3n ambiental<\/strong>, fomentar el <strong>turismo responsable<\/strong> y garantizar el <strong>equilibrio ecol\u00f3gico<\/strong> de este ecosistema clave para la regi\u00f3n centro del pa\u00eds.<\/p>\n\n\n\n<p>El encuentro destac\u00f3 la importancia del trabajo conjunto entre sociedad civil, instituciones acad\u00e9micas y los tres niveles de gobierno para preservar la biodiversidad y los servicios ambientales que ofrece esta zona monta\u00f1osa.<\/p>\n","protected":false},"excerpt":{"rendered":"<p>Toluca, Estado de M\u00e9xico En el marco de la 11\u00aa Sesi\u00f3n Ordinaria del Consejo Asesor del \u00c1rea de Protecci\u00f3n de Flora y Fauna (APFF) Nevado de Toluca, el Gobierno del Estado de M\u00e9xico reiter\u00f3 su compromiso con la conservaci\u00f3n del Nevado, una de las \u00c1reas Naturales Protegidas m\u00e1s emblem\u00e1ticas del pa\u00eds. En representaci\u00f3n de la<a class=\"read-more\" href=\"https:\/\/globalnewsmexico.com\/sitio\/edomex-reafirma-compromiso-con-la-proteccion-del-nevado-de-toluca\/\">Leer m\u00e1s<\/a><\/p>\n","protected":false},"author":13,"featured_media":68975,"comment_status":"closed","ping_status":"open","sticky":false,"template":"","format":"standard","meta":{"spay_email":"","footnotes":""},"categories":[208],"tags":[211,209],"jetpack_featured_media_url":"https:\/\/i2.wp.com\/globalnewsmexico.com\/sitio\/wp-content\/uploads\/2025\/06\/GLOBAL-PLANTILLAS-46.png?fit=940%2C788&ssl=1","jetpack_sharing_enabled":true,"jetpack_shortlink":"https:\/\/wp.me\/p9yqPL-hWu","jetpack_likes_enabled":true,"_links":{"self":[{"href":"https:\/\/globalnewsmexico.com\/sitio\/wp-json\/wp\/v2\/posts\/68974"}],"collection":[{"href":"https:\/\/globalnewsmexico.com\/sitio\/wp-json\/wp\/v2\/posts"}],"about":[{"href":"https:\/\/globalnewsmexico.com\/sitio\/wp-json\/wp\/v2\/types\/post"}],"author":[{"embeddable":true,"href":"https:\/\/globalnewsmexico.com\/sitio\/wp-json\/wp\/v2\/users\/13"}],"replies":[{"embeddable":true,"href":"https:\/\/globalnewsmexico.com\/sitio\/wp-json\/wp\/v2\/comments?post=68974"}],"version-history":[{"count":0,"href":"https:\/\/globalnewsmexico.com\/sitio\/wp-json\/wp\/v2\/posts\/68974\/revisions"}],"wp:featuredmedia":[{"embeddable":true,"href":"https:\/\/globalnewsmexico.com\/sitio\/wp-json\/wp\/v2\/media\/68975"}],"wp:attachment":[{"href":"https:\/\/globalnewsmexico.com\/sitio\/wp-json\/wp\/v2\/media?parent=68974"}],"wp:term":[{"taxonomy":"category","embeddable":true,"href":"https:\/\/globalnewsmexico.com\/sitio\/wp-json\/wp\/v2\/categories?post=68974"},{"taxonomy":"post_tag","embeddable":true,"href":"https:\/\/globalnewsmexico.com\/sitio\/wp-json\/wp\/v2\/tags?post=68974"}],"curies":[{"name":"wp","href":"https:\/\/api.w.org\/{rel}","templated":true}]}}