{"id":68976,"date":"2025-06-12T18:14:59","date_gmt":"2025-06-12T23:14:59","guid":{"rendered":"https:\/\/globalnewsmexico.com\/sitio\/?p=68976"},"modified":"2025-06-12T18:15:00","modified_gmt":"2025-06-12T23:15:00","slug":"ataque-armado-deja-un-muerto-y-una-mujer-herida-en-tultitlan","status":"publish","type":"post","link":"https:\/\/globalnewsmexico.com\/sitio\/ataque-armado-deja-un-muerto-y-una-mujer-herida-en-tultitlan\/","title":{"rendered":"Ataque armado deja un muerto y una mujer herida en Tultitl\u00e1n"},"content":{"rendered":"\n<h2 class=\"wp-block-heading\"><strong>Tultitl\u00e1n, Estado de M\u00e9xico<\/strong><\/h2>\n\n\n\n<p>Un hombre perdi\u00f3 la vida y una mujer result\u00f3 gravemente herida luego de ser v\u00edctimas de un ataque armado mientras circulaban en una motoneta por calles de la <strong>Unidad Morelos<\/strong>, en este municipio del Valle de M\u00e9xico.<\/p>\n\n\n\n<p>De acuerdo con los primeros reportes, el ataque ocurri\u00f3 la tarde de este mi\u00e9rcoles, cuando las v\u00edctimas se desplazaban sobre una vialidad de la zona y fueron interceptadas por sujetos armados que abrieron fuego de manera directa. El hombre falleci\u00f3 en el lugar, mientras que la mujer, con heridas de consideraci\u00f3n, fue trasladada de emergencia a un hospital cercano, donde permanece bajo observaci\u00f3n m\u00e9dica.<\/p>\n\n\n\n<p>Testigos se\u00f1alaron que los agresores huyeron inmediatamente del sitio, lo que origin\u00f3 una r\u00e1pida movilizaci\u00f3n de elementos de la <strong>Polic\u00eda Municipal<\/strong> y servicios de emergencia, quienes acordonaron el \u00e1rea e iniciaron un <strong>operativo de b\u00fasqueda<\/strong> en las inmediaciones. Sin embargo, hasta el momento <strong>no se han reportado personas detenidas<\/strong> por estos hechos.<\/p>\n\n\n\n<p>El <strong>Ministerio P\u00fablico<\/strong> ya tom\u00f3 conocimiento del caso e inici\u00f3 la carpeta de investigaci\u00f3n correspondiente. Se espera que, a trav\u00e9s de las c\u00e1maras de videovigilancia y los testimonios recabados, se logre identificar y localizar a los responsables.<\/p>\n\n\n\n<p>Este ataque se suma a una serie de hechos violentos que han generado preocupaci\u00f3n entre los vecinos de la Unidad Morelos, quienes han solicitado a las autoridades mayor presencia policial y estrategias efectivas de prevenci\u00f3n del delito.<\/p>\n","protected":false},"excerpt":{"rendered":"<p>Tultitl\u00e1n, Estado de M\u00e9xico Un hombre perdi\u00f3 la vida y una mujer result\u00f3 gravemente herida luego de ser v\u00edctimas de un ataque armado mientras circulaban en una motoneta por calles de la Unidad Morelos, en este municipio del Valle de M\u00e9xico. De acuerdo con los primeros reportes, el ataque ocurri\u00f3 la tarde de este mi\u00e9rcoles,<a class=\"read-more\" href=\"https:\/\/globalnewsmexico.com\/sitio\/ataque-armado-deja-un-muerto-y-una-mujer-herida-en-tultitlan\/\">Leer m\u00e1s<\/a><\/p>\n","protected":false},"author":13,"featured_media":68977,"comment_status":"closed","ping_status":"open","sticky":false,"template":"","format":"standard","meta":{"spay_email":"","footnotes":""},"categories":[208],"tags":[211],"jetpack_featured_media_url":"https:\/\/i2.wp.com\/globalnewsmexico.com\/sitio\/wp-content\/uploads\/2025\/06\/GLOBAL-PLANTILLAS-49.png?fit=940%2C788&ssl=1","jetpack_sharing_enabled":true,"jetpack_shortlink":"https:\/\/wp.me\/p9yqPL-hWw","jetpack_likes_enabled":true,"_links":{"self":[{"href":"https:\/\/globalnewsmexico.com\/sitio\/wp-json\/wp\/v2\/posts\/68976"}],"collection":[{"href":"https:\/\/globalnewsmexico.com\/sitio\/wp-json\/wp\/v2\/posts"}],"about":[{"href":"https:\/\/globalnewsmexico.com\/sitio\/wp-json\/wp\/v2\/types\/post"}],"author":[{"embeddable":true,"href":"https:\/\/globalnewsmexico.com\/sitio\/wp-json\/wp\/v2\/users\/13"}],"replies":[{"embeddable":true,"href":"https:\/\/globalnewsmexico.com\/sitio\/wp-json\/wp\/v2\/comments?post=68976"}],"version-history":[{"count":0,"href":"https:\/\/globalnewsmexico.com\/sitio\/wp-json\/wp\/v2\/posts\/68976\/revisions"}],"wp:featuredmedia":[{"embeddable":true,"href":"https:\/\/globalnewsmexico.com\/sitio\/wp-json\/wp\/v2\/media\/68977"}],"wp:attachment":[{"href":"https:\/\/globalnewsmexico.com\/sitio\/wp-json\/wp\/v2\/media?parent=68976"}],"wp:term":[{"taxonomy":"category","embeddable":true,"href":"https:\/\/globalnewsmexico.com\/sitio\/wp-json\/wp\/v2\/categories?post=68976"},{"taxonomy":"post_tag","embeddable":true,"href":"https:\/\/globalnewsmexico.com\/sitio\/wp-json\/wp\/v2\/tags?post=68976"}],"curies":[{"name":"wp","href":"https:\/\/api.w.org\/{rel}","templated":true}]}}