{"id":69009,"date":"2025-06-13T20:49:47","date_gmt":"2025-06-14T01:49:47","guid":{"rendered":"https:\/\/globalnewsmexico.com\/sitio\/?p=69009"},"modified":"2025-06-13T20:49:48","modified_gmt":"2025-06-14T01:49:48","slug":"entregan-apoyos-escolares-en-apaxco-y-ocho-planteles-mas-del-edomex","status":"publish","type":"post","link":"https:\/\/globalnewsmexico.com\/sitio\/entregan-apoyos-escolares-en-apaxco-y-ocho-planteles-mas-del-edomex\/","title":{"rendered":"Entregan apoyos escolares en Apaxco y ocho planteles m\u00e1s del Edom\u00e9x"},"content":{"rendered":"\n<p><strong>Apaxco, Estado de M\u00e9xico.<\/strong>\u2013 Con el objetivo de fortalecer la infraestructura educativa en nivel b\u00e1sico, el Gobierno del Estado de M\u00e9xico, con el respaldo de la gobernadora Delfina G\u00f3mez \u00c1lvarez, destin\u00f3 una inversi\u00f3n de <strong>1.5 millones de pesos<\/strong> para mejorar las condiciones de ense\u00f1anza y aprendizaje en escuelas de la regi\u00f3n.<\/p>\n\n\n\n<p>Gracias a este recurso, se realiz\u00f3 la entrega de <strong>mobiliario escolar, material did\u00e1ctico, kits deportivos e instrumentos para banda de guerra<\/strong> en la primaria \u201cLic. Juan Fern\u00e1ndez Albarr\u00e1n\u201d, ubicada en el municipio de Apaxco, as\u00ed como en <strong>otros ocho planteles<\/strong> de la zona.<\/p>\n\n\n\n<p>La distribuci\u00f3n de los apoyos tiene como objetivo impactar positivamente tanto en el entorno escolar como en la formaci\u00f3n integral de ni\u00f1as, ni\u00f1os y j\u00f3venes, al mejorar no solo el equipamiento acad\u00e9mico, sino tambi\u00e9n fomentar actividades culturales y deportivas.<\/p>\n\n\n\n<p>Durante la entrega, autoridades educativas destacaron que esta acci\u00f3n forma parte de una estrategia estatal para atender el rezago en infraestructura escolar, promover el acceso a recursos did\u00e1cticos de calidad y garantizar espacios dignos para el desarrollo de las y los estudiantes.<\/p>\n\n\n\n<p>Adem\u00e1s, se reiter\u00f3 el compromiso de seguir trabajando en coordinaci\u00f3n con los municipios para atender las necesidades espec\u00edficas de cada plantel y mantener una educaci\u00f3n p\u00fablica s\u00f3lida, incluyente y equitativa en todo el Estado de M\u00e9xico.<\/p>\n","protected":false},"excerpt":{"rendered":"<p>Apaxco, Estado de M\u00e9xico.\u2013 Con el objetivo de fortalecer la infraestructura educativa en nivel b\u00e1sico, el Gobierno del Estado de M\u00e9xico, con el respaldo de la gobernadora Delfina G\u00f3mez \u00c1lvarez, destin\u00f3 una inversi\u00f3n de 1.5 millones de pesos para mejorar las condiciones de ense\u00f1anza y aprendizaje en escuelas de la regi\u00f3n. Gracias a este recurso,<a class=\"read-more\" href=\"https:\/\/globalnewsmexico.com\/sitio\/entregan-apoyos-escolares-en-apaxco-y-ocho-planteles-mas-del-edomex\/\">Leer m\u00e1s<\/a><\/p>\n","protected":false},"author":12,"featured_media":69010,"comment_status":"closed","ping_status":"open","sticky":false,"template":"","format":"standard","meta":{"spay_email":"","footnotes":""},"categories":[208],"tags":[],"jetpack_featured_media_url":"https:\/\/i2.wp.com\/globalnewsmexico.com\/sitio\/wp-content\/uploads\/2025\/06\/WhatsApp-Image-2025-06-13-at-3.59.32-PM.jpeg?fit=940%2C788&ssl=1","jetpack_sharing_enabled":true,"jetpack_shortlink":"https:\/\/wp.me\/p9yqPL-hX3","jetpack_likes_enabled":true,"_links":{"self":[{"href":"https:\/\/globalnewsmexico.com\/sitio\/wp-json\/wp\/v2\/posts\/69009"}],"collection":[{"href":"https:\/\/globalnewsmexico.com\/sitio\/wp-json\/wp\/v2\/posts"}],"about":[{"href":"https:\/\/globalnewsmexico.com\/sitio\/wp-json\/wp\/v2\/types\/post"}],"author":[{"embeddable":true,"href":"https:\/\/globalnewsmexico.com\/sitio\/wp-json\/wp\/v2\/users\/12"}],"replies":[{"embeddable":true,"href":"https:\/\/globalnewsmexico.com\/sitio\/wp-json\/wp\/v2\/comments?post=69009"}],"version-history":[{"count":0,"href":"https:\/\/globalnewsmexico.com\/sitio\/wp-json\/wp\/v2\/posts\/69009\/revisions"}],"wp:featuredmedia":[{"embeddable":true,"href":"https:\/\/globalnewsmexico.com\/sitio\/wp-json\/wp\/v2\/media\/69010"}],"wp:attachment":[{"href":"https:\/\/globalnewsmexico.com\/sitio\/wp-json\/wp\/v2\/media?parent=69009"}],"wp:term":[{"taxonomy":"category","embeddable":true,"href":"https:\/\/globalnewsmexico.com\/sitio\/wp-json\/wp\/v2\/categories?post=69009"},{"taxonomy":"post_tag","embeddable":true,"href":"https:\/\/globalnewsmexico.com\/sitio\/wp-json\/wp\/v2\/tags?post=69009"}],"curies":[{"name":"wp","href":"https:\/\/api.w.org\/{rel}","templated":true}]}}