{"id":69017,"date":"2025-06-14T13:24:44","date_gmt":"2025-06-14T18:24:44","guid":{"rendered":"https:\/\/globalnewsmexico.com\/sitio\/?p=69017"},"modified":"2025-06-14T13:24:45","modified_gmt":"2025-06-14T18:24:45","slug":"anuncian-el-nacimiento-de-plus-nueva-fuerza-politica-en-formacion","status":"publish","type":"post","link":"https:\/\/globalnewsmexico.com\/sitio\/anuncian-el-nacimiento-de-plus-nueva-fuerza-politica-en-formacion\/","title":{"rendered":"Anuncian el nacimiento de PLUS, nueva fuerza pol\u00edtica en formaci\u00f3n"},"content":{"rendered":"\n<p><strong>Toluca, Estado de M\u00e9xico.<\/strong>\u2013 La asociaci\u00f3n civil PLUS, Pacto por la Libertad y la Unidad Social, dio a conocer que ha iniciado formalmente su proceso para convertirse en partido pol\u00edtico nacional, tras recibir la autorizaci\u00f3n del Instituto Nacional Electoral (INE) en enero de este a\u00f1o.<\/p>\n\n\n\n<p>Fernando Tovar Manzanares, presidente del Comit\u00e9 Ejecutivo Estatal de PLUS en el Estado de M\u00e9xico, encabez\u00f3 el anuncio y se\u00f1al\u00f3 que esta nueva agrupaci\u00f3n busca representar una izquierda progresista, incluyente y cercana a la ciudadan\u00eda.<\/p>\n\n\n\n<blockquote class=\"wp-block-quote is-layout-flow wp-block-quote-is-layout-flow\">\n<p>\u201cQueremos ser una opci\u00f3n real para quienes hoy no se sienten representados\u201d, afirm\u00f3.<\/p>\n<\/blockquote>\n\n\n\n<p>Tovar destac\u00f3 que el objetivo de PLUS es construir una alternativa distinta en el panorama pol\u00edtico nacional, a trav\u00e9s de un enfoque social que priorice la participaci\u00f3n ciudadana, la inclusi\u00f3n y la libertad.<\/p>\n\n\n\n<p>Con esta iniciativa, PLUS se suma al conjunto de organizaciones que buscan ampliar la oferta pol\u00edtica rumbo a los pr\u00f3ximos procesos electorales.<br><\/p>\n\n\n\n<figure class=\"wp-block-image size-full\"><a href=\"https:\/\/i0.wp.com\/globalnewsmexico.com\/sitio\/wp-content\/uploads\/2025\/06\/image.png?ssl=1\"><img loading=\"lazy\" decoding=\"async\" width=\"800\" height=\"671\" src=\"https:\/\/i0.wp.com\/globalnewsmexico.com\/sitio\/wp-content\/uploads\/2025\/06\/image.png?resize=800%2C671&#038;ssl=1\" alt=\"\" class=\"wp-image-69019\" srcset=\"https:\/\/i0.wp.com\/globalnewsmexico.com\/sitio\/wp-content\/uploads\/2025\/06\/image.png?w=940&amp;ssl=1 940w, https:\/\/i0.wp.com\/globalnewsmexico.com\/sitio\/wp-content\/uploads\/2025\/06\/image.png?resize=300%2C251&amp;ssl=1 300w, https:\/\/i0.wp.com\/globalnewsmexico.com\/sitio\/wp-content\/uploads\/2025\/06\/image.png?resize=768%2C644&amp;ssl=1 768w, https:\/\/i0.wp.com\/globalnewsmexico.com\/sitio\/wp-content\/uploads\/2025\/06\/image.png?resize=580%2C486&amp;ssl=1 580w, https:\/\/i0.wp.com\/globalnewsmexico.com\/sitio\/wp-content\/uploads\/2025\/06\/image.png?resize=304%2C255&amp;ssl=1 304w, https:\/\/i0.wp.com\/globalnewsmexico.com\/sitio\/wp-content\/uploads\/2025\/06\/image.png?resize=418%2C350&amp;ssl=1 418w\" sizes=\"(max-width: 800px) 100vw, 800px\" data-recalc-dims=\"1\" \/><\/a><\/figure>\n","protected":false},"excerpt":{"rendered":"<p>Toluca, Estado de M\u00e9xico.\u2013 La asociaci\u00f3n civil PLUS, Pacto por la Libertad y la Unidad Social, dio a conocer que ha iniciado formalmente su proceso para convertirse en partido pol\u00edtico nacional, tras recibir la autorizaci\u00f3n del Instituto Nacional Electoral (INE) en enero de este a\u00f1o. Fernando Tovar Manzanares, presidente del Comit\u00e9 Ejecutivo Estatal de PLUS<a class=\"read-more\" href=\"https:\/\/globalnewsmexico.com\/sitio\/anuncian-el-nacimiento-de-plus-nueva-fuerza-politica-en-formacion\/\">Leer m\u00e1s<\/a><\/p>\n","protected":false},"author":12,"featured_media":69018,"comment_status":"closed","ping_status":"open","sticky":false,"template":"","format":"standard","meta":{"spay_email":"","footnotes":""},"categories":[208],"tags":[],"jetpack_featured_media_url":"https:\/\/i0.wp.com\/globalnewsmexico.com\/sitio\/wp-content\/uploads\/2025\/06\/817dd68b-f3bc-4e04-b4e9-a1ac34d1edb4.jpeg?fit=940%2C788&ssl=1","jetpack_sharing_enabled":true,"jetpack_shortlink":"https:\/\/wp.me\/p9yqPL-hXb","jetpack_likes_enabled":true,"_links":{"self":[{"href":"https:\/\/globalnewsmexico.com\/sitio\/wp-json\/wp\/v2\/posts\/69017"}],"collection":[{"href":"https:\/\/globalnewsmexico.com\/sitio\/wp-json\/wp\/v2\/posts"}],"about":[{"href":"https:\/\/globalnewsmexico.com\/sitio\/wp-json\/wp\/v2\/types\/post"}],"author":[{"embeddable":true,"href":"https:\/\/globalnewsmexico.com\/sitio\/wp-json\/wp\/v2\/users\/12"}],"replies":[{"embeddable":true,"href":"https:\/\/globalnewsmexico.com\/sitio\/wp-json\/wp\/v2\/comments?post=69017"}],"version-history":[{"count":0,"href":"https:\/\/globalnewsmexico.com\/sitio\/wp-json\/wp\/v2\/posts\/69017\/revisions"}],"wp:featuredmedia":[{"embeddable":true,"href":"https:\/\/globalnewsmexico.com\/sitio\/wp-json\/wp\/v2\/media\/69018"}],"wp:attachment":[{"href":"https:\/\/globalnewsmexico.com\/sitio\/wp-json\/wp\/v2\/media?parent=69017"}],"wp:term":[{"taxonomy":"category","embeddable":true,"href":"https:\/\/globalnewsmexico.com\/sitio\/wp-json\/wp\/v2\/categories?post=69017"},{"taxonomy":"post_tag","embeddable":true,"href":"https:\/\/globalnewsmexico.com\/sitio\/wp-json\/wp\/v2\/tags?post=69017"}],"curies":[{"name":"wp","href":"https:\/\/api.w.org\/{rel}","templated":true}]}}