{"id":69083,"date":"2025-06-22T17:00:00","date_gmt":"2025-06-22T22:00:00","guid":{"rendered":"https:\/\/globalnewsmexico.com\/sitio\/?p=69083"},"modified":"2025-06-22T14:33:19","modified_gmt":"2025-06-22T19:33:19","slug":"alcalde-ricardo-moreno-hace-llamado-a-la-ciudadania-para-arborizar-toluca","status":"publish","type":"post","link":"https:\/\/globalnewsmexico.com\/sitio\/alcalde-ricardo-moreno-hace-llamado-a-la-ciudadania-para-arborizar-toluca\/","title":{"rendered":"Alcalde Ricardo Moreno hace llamado a la ciudadan\u00eda para arborizar Toluca"},"content":{"rendered":"\n<p>Toluca, Estado de M\u00e9xico<\/p>\n\n\n\n<p>El presidente municipal de Toluca, Ricardo Moreno Bastida, realiz\u00f3 un llamado a la poblaci\u00f3n para sumarse a las campa\u00f1as de arborizaci\u00f3n que promueve el Ayuntamiento con el objetivo de mejorar la calidad del aire, embellecer los espacios p\u00fablicos y fortalecer el compromiso ambiental en la capital mexiquense.<\/p>\n\n\n\n<p>Moreno Bastida destac\u00f3 que plantar m\u00e1s \u00e1rboles es una acci\u00f3n clave para contrarrestar la contaminaci\u00f3n y el calentamiento global, adem\u00e1s de generar espacios de convivencia y bienestar para las familias toluque\u00f1as.<\/p>\n\n\n\n<p>\u201cInvitamos a todos los ciudadanos, escuelas, empresas y organizaciones a participar activamente en estas jornadas de reforestaci\u00f3n. Juntos podemos hacer de Toluca una ciudad m\u00e1s verde y saludable para las futuras generaciones\u201d, afirm\u00f3 el alcalde.<\/p>\n\n\n\n<p>El Ayuntamiento de Toluca ha programado diversas actividades durante el a\u00f1o para plantar miles de \u00e1rboles en parques, avenidas y zonas urbanas estrat\u00e9gicas, con apoyo de la Secretar\u00eda de Medio Ambiente y Protecci\u00f3n Civil municipal.<\/p>\n\n\n\n<p>#GlobalNewsEdomex #TolucaVerde #Arborizaci\u00f3n #RicardoMoreno<\/p>\n","protected":false},"excerpt":{"rendered":"<p>Toluca, Estado de M\u00e9xico El presidente municipal de Toluca, Ricardo Moreno Bastida, realiz\u00f3 un llamado a la poblaci\u00f3n para sumarse a las campa\u00f1as de arborizaci\u00f3n que promueve el Ayuntamiento con el objetivo de mejorar la calidad del aire, embellecer los espacios p\u00fablicos y fortalecer el compromiso ambiental en la capital mexiquense. Moreno Bastida destac\u00f3 que<a class=\"read-more\" href=\"https:\/\/globalnewsmexico.com\/sitio\/alcalde-ricardo-moreno-hace-llamado-a-la-ciudadania-para-arborizar-toluca\/\">Leer m\u00e1s<\/a><\/p>\n","protected":false},"author":13,"featured_media":69084,"comment_status":"closed","ping_status":"open","sticky":false,"template":"","format":"standard","meta":{"spay_email":"","footnotes":""},"categories":[208],"tags":[211],"jetpack_featured_media_url":"https:\/\/i0.wp.com\/globalnewsmexico.com\/sitio\/wp-content\/uploads\/2025\/06\/WhatsApp-Image-2025-06-21-at-15.25.01.jpeg?fit=1600%2C1066&ssl=1","jetpack_sharing_enabled":true,"jetpack_shortlink":"https:\/\/wp.me\/p9yqPL-hYf","jetpack_likes_enabled":true,"_links":{"self":[{"href":"https:\/\/globalnewsmexico.com\/sitio\/wp-json\/wp\/v2\/posts\/69083"}],"collection":[{"href":"https:\/\/globalnewsmexico.com\/sitio\/wp-json\/wp\/v2\/posts"}],"about":[{"href":"https:\/\/globalnewsmexico.com\/sitio\/wp-json\/wp\/v2\/types\/post"}],"author":[{"embeddable":true,"href":"https:\/\/globalnewsmexico.com\/sitio\/wp-json\/wp\/v2\/users\/13"}],"replies":[{"embeddable":true,"href":"https:\/\/globalnewsmexico.com\/sitio\/wp-json\/wp\/v2\/comments?post=69083"}],"version-history":[{"count":0,"href":"https:\/\/globalnewsmexico.com\/sitio\/wp-json\/wp\/v2\/posts\/69083\/revisions"}],"wp:featuredmedia":[{"embeddable":true,"href":"https:\/\/globalnewsmexico.com\/sitio\/wp-json\/wp\/v2\/media\/69084"}],"wp:attachment":[{"href":"https:\/\/globalnewsmexico.com\/sitio\/wp-json\/wp\/v2\/media?parent=69083"}],"wp:term":[{"taxonomy":"category","embeddable":true,"href":"https:\/\/globalnewsmexico.com\/sitio\/wp-json\/wp\/v2\/categories?post=69083"},{"taxonomy":"post_tag","embeddable":true,"href":"https:\/\/globalnewsmexico.com\/sitio\/wp-json\/wp\/v2\/tags?post=69083"}],"curies":[{"name":"wp","href":"https:\/\/api.w.org\/{rel}","templated":true}]}}