{"id":69108,"date":"2025-06-23T18:15:46","date_gmt":"2025-06-23T23:15:46","guid":{"rendered":"https:\/\/globalnewsmexico.com\/sitio\/?p=69108"},"modified":"2025-06-23T18:15:46","modified_gmt":"2025-06-23T23:15:46","slug":"edomex-impulsa-el-autoempleo-con-45-mdp-para-emprendedores-mexiquenses","status":"publish","type":"post","link":"https:\/\/globalnewsmexico.com\/sitio\/edomex-impulsa-el-autoempleo-con-45-mdp-para-emprendedores-mexiquenses\/","title":{"rendered":"Edom\u00e9x impulsa el autoempleo con 45 mdp para emprendedores mexiquenses"},"content":{"rendered":"\n<h3 class=\"wp-block-heading\"><strong>Estado de M\u00e9xico<\/strong><\/h3>\n\n\n\n<p>El Gobierno del Estado de M\u00e9xico anunci\u00f3 una inversi\u00f3n de <strong>45 millones de pesos<\/strong> para el programa <strong>\u201cApoyo al Autoempleo para el Bienestar 2025\u201d<\/strong>, una estrategia que busca fortalecer el emprendimiento local y generar oportunidades de desarrollo econ\u00f3mico entre la poblaci\u00f3n.<\/p>\n\n\n\n<p>Coordinado por la <strong>Secretar\u00eda del Trabajo<\/strong> y el <strong>Instituto de Capacitaci\u00f3n y Adiestramiento para el Trabajo Industrial (ICATI)<\/strong>, el programa beneficiar\u00e1 a <strong>mil 800 personas<\/strong> en todo el territorio mexiquense, quienes recibir\u00e1n <strong>herramientas, insumos y capacitaci\u00f3n especializada<\/strong> para iniciar o consolidar sus propios negocios.<\/p>\n\n\n\n<p>Los cursos de formaci\u00f3n estar\u00e1n enfocados en oficios de alta demanda como <strong>carpinter\u00eda, cocina saludable, reposter\u00eda, est\u00e9tica, herrer\u00eda, jardiner\u00eda<\/strong> y <strong>corte y confecci\u00f3n<\/strong>, con el prop\u00f3sito de fomentar habilidades productivas que permitan a los participantes generar ingresos de forma aut\u00f3noma y sostenible.<\/p>\n\n\n\n<p>Una caracter\u00edstica destacada del programa es su enfoque incluyente: tambi\u00e9n contempla el apoyo a <strong>mexiquenses repatriados<\/strong>, brind\u00e1ndoles oportunidades reales de reintegraci\u00f3n econ\u00f3mica y social en sus comunidades de origen.<\/p>\n\n\n\n<p>Las autoridades estatales subrayaron que esta pol\u00edtica p\u00fablica tiene como finalidad <strong>reducir el desempleo, impulsar el desarrollo regional y fortalecer el tejido comunitario<\/strong>, apostando por la capacitaci\u00f3n como eje fundamental para alcanzar una econom\u00eda m\u00e1s equitativa y participativa.<\/p>\n\n\n\n<p>Con esta iniciativa, el Estado de M\u00e9xico reafirma su compromiso con una pol\u00edtica laboral solidaria, enfocada en generar bienestar desde lo local y empoderar a los ciudadanos a trav\u00e9s del trabajo digno y productivo.<\/p>\n\n\n\n<p><strong>#EDOMEX #Autoempleo #TrabajoDigno #ICATI #EmprendimientoMexiquense<\/strong><\/p>\n","protected":false},"excerpt":{"rendered":"<p>Estado de M\u00e9xico El Gobierno del Estado de M\u00e9xico anunci\u00f3 una inversi\u00f3n de 45 millones de pesos para el programa \u201cApoyo al Autoempleo para el Bienestar 2025\u201d, una estrategia que busca fortalecer el emprendimiento local y generar oportunidades de desarrollo econ\u00f3mico entre la poblaci\u00f3n. Coordinado por la Secretar\u00eda del Trabajo y el Instituto de Capacitaci\u00f3n<a class=\"read-more\" href=\"https:\/\/globalnewsmexico.com\/sitio\/edomex-impulsa-el-autoempleo-con-45-mdp-para-emprendedores-mexiquenses\/\">Leer m\u00e1s<\/a><\/p>\n","protected":false},"author":13,"featured_media":69106,"comment_status":"closed","ping_status":"open","sticky":false,"template":"","format":"standard","meta":{"spay_email":"","footnotes":""},"categories":[208],"tags":[211],"jetpack_featured_media_url":"https:\/\/i0.wp.com\/globalnewsmexico.com\/sitio\/wp-content\/uploads\/2025\/06\/GLOBAL-PLANTILLAS-2025-06-23T152147.245.png?fit=940%2C788&ssl=1","jetpack_sharing_enabled":true,"jetpack_shortlink":"https:\/\/wp.me\/p9yqPL-hYE","jetpack_likes_enabled":true,"_links":{"self":[{"href":"https:\/\/globalnewsmexico.com\/sitio\/wp-json\/wp\/v2\/posts\/69108"}],"collection":[{"href":"https:\/\/globalnewsmexico.com\/sitio\/wp-json\/wp\/v2\/posts"}],"about":[{"href":"https:\/\/globalnewsmexico.com\/sitio\/wp-json\/wp\/v2\/types\/post"}],"author":[{"embeddable":true,"href":"https:\/\/globalnewsmexico.com\/sitio\/wp-json\/wp\/v2\/users\/13"}],"replies":[{"embeddable":true,"href":"https:\/\/globalnewsmexico.com\/sitio\/wp-json\/wp\/v2\/comments?post=69108"}],"version-history":[{"count":0,"href":"https:\/\/globalnewsmexico.com\/sitio\/wp-json\/wp\/v2\/posts\/69108\/revisions"}],"wp:featuredmedia":[{"embeddable":true,"href":"https:\/\/globalnewsmexico.com\/sitio\/wp-json\/wp\/v2\/media\/69106"}],"wp:attachment":[{"href":"https:\/\/globalnewsmexico.com\/sitio\/wp-json\/wp\/v2\/media?parent=69108"}],"wp:term":[{"taxonomy":"category","embeddable":true,"href":"https:\/\/globalnewsmexico.com\/sitio\/wp-json\/wp\/v2\/categories?post=69108"},{"taxonomy":"post_tag","embeddable":true,"href":"https:\/\/globalnewsmexico.com\/sitio\/wp-json\/wp\/v2\/tags?post=69108"}],"curies":[{"name":"wp","href":"https:\/\/api.w.org\/{rel}","templated":true}]}}