{"id":69120,"date":"2025-06-23T19:47:10","date_gmt":"2025-06-24T00:47:10","guid":{"rendered":"https:\/\/globalnewsmexico.com\/sitio\/?p=69120"},"modified":"2025-06-23T19:47:11","modified_gmt":"2025-06-24T00:47:11","slug":"inicia-segunda-etapa-de-la-ciclovia-en-isidro-fabela-para-fortalecer-movilidad-sustentable-en-toluca","status":"publish","type":"post","link":"https:\/\/globalnewsmexico.com\/sitio\/inicia-segunda-etapa-de-la-ciclovia-en-isidro-fabela-para-fortalecer-movilidad-sustentable-en-toluca\/","title":{"rendered":"Inicia segunda etapa de la ciclov\u00eda en Isidro Fabela para fortalecer movilidad sustentable en Toluca"},"content":{"rendered":"\n<h1 class=\"wp-block-heading\"><strong>Toluca, Estado de M\u00e9xico<\/strong><\/h1>\n\n\n\n<p>En un paso m\u00e1s hacia una ciudad moderna, segura y equitativa, el Gobierno Municipal de Toluca, en colaboraci\u00f3n con la <strong>Secretar\u00eda de Movilidad del Estado de M\u00e9xico<\/strong>, puso en marcha la segunda etapa de la <strong>ciclov\u00eda sobre avenida Isidro Fabela<\/strong>, una de las principales arterias viales del municipio.<\/p>\n\n\n\n<p>La obra contempla un nuevo tramo de <strong>1.9 kil\u00f3metros de ciclov\u00eda con carril exclusivo<\/strong>, que permitir\u00e1 conectar la zona norte con el sur de la capital mexiquense, beneficiando de forma directa a m\u00e1s de <strong>226 mil usuarios y usuarias de la bicicleta<\/strong>.<\/p>\n\n\n\n<p>El proyecto incluye <strong>ajustes geom\u00e9tricos, se\u00f1alizaci\u00f3n vial, ciclopuertos, cruces seguros y zonas de descanso<\/strong>, lo que no solo mejora la experiencia de quienes usan este medio de transporte, sino que tambi\u00e9n refuerza la seguridad vial para peatones y automovilistas.<\/p>\n\n\n\n<p>Durante el arranque de los trabajos, autoridades municipales destacaron que esta infraestructura responde a la <strong>visi\u00f3n del alcalde Ricardo Moreno Bastida<\/strong>, quien ha priorizado una pol\u00edtica p\u00fablica orientada a la <strong>movilidad sustentable, accesible e incluyente<\/strong>, como eje de transformaci\u00f3n urbana.<\/p>\n\n\n\n<p>\u201cLa bicicleta no es solo un medio de transporte, es un derecho a una ciudad m\u00e1s humana. Queremos que Toluca sea un lugar donde ni\u00f1as, j\u00f3venes y adultos puedan trasladarse de forma segura, econ\u00f3mica y saludable\u201d, expres\u00f3 Moreno Bastida.<\/p>\n\n\n\n<p>Adem\u00e1s, esta obra forma parte de una red de movilidad activa en crecimiento que contempla futuras ampliaciones y la conexi\u00f3n con ciclov\u00edas ya existentes en avenidas como Las Torres, Paseo Tollocan y 5 de Mayo.<\/p>\n\n\n\n<hr class=\"wp-block-separator has-alpha-channel-opacity\"\/>\n\n\n\n<p><strong>Beneficios esperados de la nueva ciclov\u00eda:<\/strong><\/p>\n\n\n\n<ul>\n<li>Reducci\u00f3n de emisiones contaminantes.<\/li>\n\n\n\n<li>Disminuci\u00f3n del tr\u00e1fico vehicular.<\/li>\n\n\n\n<li>Mejora en la salud p\u00fablica y movilidad activa.<\/li>\n\n\n\n<li>Fortalecimiento de la cultura vial incluyente.<\/li>\n\n\n\n<li>Incentivo econ\u00f3mico al reducir costos de transporte.<\/li>\n<\/ul>\n\n\n\n<hr class=\"wp-block-separator has-alpha-channel-opacity\"\/>\n\n\n\n<p><strong>#MovilidadUrbana #TolucaEnBici #MovilidadSustentable #IsidroFabela #Ciclov\u00edaToluca #InfraestructuraVial #GlobalNewsEDOMEX<\/strong><\/p>\n","protected":false},"excerpt":{"rendered":"<p>Toluca, Estado de M\u00e9xico En un paso m\u00e1s hacia una ciudad moderna, segura y equitativa, el Gobierno Municipal de Toluca, en colaboraci\u00f3n con la Secretar\u00eda de Movilidad del Estado de M\u00e9xico, puso en marcha la segunda etapa de la ciclov\u00eda sobre avenida Isidro Fabela, una de las principales arterias viales del municipio. La obra contempla<a class=\"read-more\" href=\"https:\/\/globalnewsmexico.com\/sitio\/inicia-segunda-etapa-de-la-ciclovia-en-isidro-fabela-para-fortalecer-movilidad-sustentable-en-toluca\/\">Leer m\u00e1s<\/a><\/p>\n","protected":false},"author":13,"featured_media":69121,"comment_status":"closed","ping_status":"open","sticky":false,"template":"","format":"standard","meta":{"spay_email":"","footnotes":""},"categories":[208],"tags":[211],"jetpack_featured_media_url":"https:\/\/i1.wp.com\/globalnewsmexico.com\/sitio\/wp-content\/uploads\/2025\/06\/GLOBAL-PLANTILLAS-2025-06-23T184542.303.png?fit=940%2C788&ssl=1","jetpack_sharing_enabled":true,"jetpack_shortlink":"https:\/\/wp.me\/p9yqPL-hYQ","jetpack_likes_enabled":true,"_links":{"self":[{"href":"https:\/\/globalnewsmexico.com\/sitio\/wp-json\/wp\/v2\/posts\/69120"}],"collection":[{"href":"https:\/\/globalnewsmexico.com\/sitio\/wp-json\/wp\/v2\/posts"}],"about":[{"href":"https:\/\/globalnewsmexico.com\/sitio\/wp-json\/wp\/v2\/types\/post"}],"author":[{"embeddable":true,"href":"https:\/\/globalnewsmexico.com\/sitio\/wp-json\/wp\/v2\/users\/13"}],"replies":[{"embeddable":true,"href":"https:\/\/globalnewsmexico.com\/sitio\/wp-json\/wp\/v2\/comments?post=69120"}],"version-history":[{"count":0,"href":"https:\/\/globalnewsmexico.com\/sitio\/wp-json\/wp\/v2\/posts\/69120\/revisions"}],"wp:featuredmedia":[{"embeddable":true,"href":"https:\/\/globalnewsmexico.com\/sitio\/wp-json\/wp\/v2\/media\/69121"}],"wp:attachment":[{"href":"https:\/\/globalnewsmexico.com\/sitio\/wp-json\/wp\/v2\/media?parent=69120"}],"wp:term":[{"taxonomy":"category","embeddable":true,"href":"https:\/\/globalnewsmexico.com\/sitio\/wp-json\/wp\/v2\/categories?post=69120"},{"taxonomy":"post_tag","embeddable":true,"href":"https:\/\/globalnewsmexico.com\/sitio\/wp-json\/wp\/v2\/tags?post=69120"}],"curies":[{"name":"wp","href":"https:\/\/api.w.org\/{rel}","templated":true}]}}