{"id":69130,"date":"2025-06-26T11:36:08","date_gmt":"2025-06-26T16:36:08","guid":{"rendered":"https:\/\/globalnewsmexico.com\/sitio\/?p=69130"},"modified":"2025-06-26T11:36:09","modified_gmt":"2025-06-26T16:36:09","slug":"fomenta-gobierno-del-edomex-espacios-de-reflexion-sobre-el-uso-del-tiempo-y-el-autocuidado-en-mujeres","status":"publish","type":"post","link":"https:\/\/globalnewsmexico.com\/sitio\/fomenta-gobierno-del-edomex-espacios-de-reflexion-sobre-el-uso-del-tiempo-y-el-autocuidado-en-mujeres\/","title":{"rendered":"Fomenta Gobierno del Edom\u00e9x espacios de reflexi\u00f3n sobre el uso del tiempo y el autocuidado en mujeres"},"content":{"rendered":"\n<p>Toluca, Estado de M\u00e9xico, 26 de junio de 2025<\/p>\n\n\n\n<p>Con la participaci\u00f3n de m\u00e1s de 300 personas servidoras p\u00fablicas, el Gobierno del Estado de M\u00e9xico realiz\u00f3 la charla virtual <em>\u201cPobreza de tiempo en M\u00e9xico: \u00bfPor qu\u00e9 las mujeres la sufren m\u00e1s?\u201d<\/em>, organizada por la Secretar\u00eda de Bienestar y el Centro de Investigaci\u00f3n y Estudios en Pol\u00edticas Sociales (CIEPS).<\/p>\n\n\n\n<p>El objetivo del encuentro fue abrir espacios de an\u00e1lisis sobre la distribuci\u00f3n del tiempo en la vida cotidiana, especialmente en lo relacionado con las tareas no remuneradas que recaen mayoritariamente en las mujeres, como el trabajo dom\u00e9stico y de cuidados.<\/p>\n\n\n\n<p>Durante la sesi\u00f3n, expertas como <strong>Arlette Covarrubias<\/strong> y <strong>Gina S\u00e1nchez<\/strong> reflexionaron sobre la necesidad urgente de transformar las estructuras sociales y econ\u00f3micas que perpet\u00faan la desigualdad de g\u00e9nero, destacando que muchas mujeres enfrentan jornadas dobles y triples que afectan su bienestar, salud y autonom\u00eda.<\/p>\n\n\n\n<p>Ambas especialistas coincidieron en que para alcanzar una verdadera equidad es fundamental implementar <strong>pol\u00edticas p\u00fablicas que reconozcan y redistribuyan las labores de cuidado<\/strong>, adem\u00e1s de garantizar espacios de autocuidado y desarrollo personal para las mujeres.<\/p>\n\n\n\n<p>El Gobierno estatal reiter\u00f3 su compromiso de impulsar acciones que promuevan la igualdad de g\u00e9nero, el bienestar emocional y el equilibrio en el uso del tiempo, como parte de una agenda transversal de justicia social.<\/p>\n\n\n\n<p><strong>#IgualdadDeG\u00e9nero #BienestarEdomex #CIEPS #Autocuidado #GlobalNewsEDOMEX<\/strong><\/p>\n","protected":false},"excerpt":{"rendered":"<p>Toluca, Estado de M\u00e9xico, 26 de junio de 2025 Con la participaci\u00f3n de m\u00e1s de 300 personas servidoras p\u00fablicas, el Gobierno del Estado de M\u00e9xico realiz\u00f3 la charla virtual \u201cPobreza de tiempo en M\u00e9xico: \u00bfPor qu\u00e9 las mujeres la sufren m\u00e1s?\u201d, organizada por la Secretar\u00eda de Bienestar y el Centro de Investigaci\u00f3n y Estudios en<a class=\"read-more\" href=\"https:\/\/globalnewsmexico.com\/sitio\/fomenta-gobierno-del-edomex-espacios-de-reflexion-sobre-el-uso-del-tiempo-y-el-autocuidado-en-mujeres\/\">Leer m\u00e1s<\/a><\/p>\n","protected":false},"author":13,"featured_media":69131,"comment_status":"closed","ping_status":"open","sticky":false,"template":"","format":"standard","meta":{"spay_email":"","footnotes":""},"categories":[208],"tags":[211],"jetpack_featured_media_url":"https:\/\/i0.wp.com\/globalnewsmexico.com\/sitio\/wp-content\/uploads\/2025\/06\/GLOBAL-PLANTILLAS-43.png?fit=940%2C788&ssl=1","jetpack_sharing_enabled":true,"jetpack_shortlink":"https:\/\/wp.me\/p9yqPL-hZ0","jetpack_likes_enabled":true,"_links":{"self":[{"href":"https:\/\/globalnewsmexico.com\/sitio\/wp-json\/wp\/v2\/posts\/69130"}],"collection":[{"href":"https:\/\/globalnewsmexico.com\/sitio\/wp-json\/wp\/v2\/posts"}],"about":[{"href":"https:\/\/globalnewsmexico.com\/sitio\/wp-json\/wp\/v2\/types\/post"}],"author":[{"embeddable":true,"href":"https:\/\/globalnewsmexico.com\/sitio\/wp-json\/wp\/v2\/users\/13"}],"replies":[{"embeddable":true,"href":"https:\/\/globalnewsmexico.com\/sitio\/wp-json\/wp\/v2\/comments?post=69130"}],"version-history":[{"count":0,"href":"https:\/\/globalnewsmexico.com\/sitio\/wp-json\/wp\/v2\/posts\/69130\/revisions"}],"wp:featuredmedia":[{"embeddable":true,"href":"https:\/\/globalnewsmexico.com\/sitio\/wp-json\/wp\/v2\/media\/69131"}],"wp:attachment":[{"href":"https:\/\/globalnewsmexico.com\/sitio\/wp-json\/wp\/v2\/media?parent=69130"}],"wp:term":[{"taxonomy":"category","embeddable":true,"href":"https:\/\/globalnewsmexico.com\/sitio\/wp-json\/wp\/v2\/categories?post=69130"},{"taxonomy":"post_tag","embeddable":true,"href":"https:\/\/globalnewsmexico.com\/sitio\/wp-json\/wp\/v2\/tags?post=69130"}],"curies":[{"name":"wp","href":"https:\/\/api.w.org\/{rel}","templated":true}]}}