{"id":69152,"date":"2025-06-26T17:38:41","date_gmt":"2025-06-26T22:38:41","guid":{"rendered":"https:\/\/globalnewsmexico.com\/sitio\/?p=69152"},"modified":"2025-06-26T17:38:42","modified_gmt":"2025-06-26T22:38:42","slug":"refuerzan-acciones-de-busqueda-de-personas-desaparecidas-en-el-valle-de-mexico","status":"publish","type":"post","link":"https:\/\/globalnewsmexico.com\/sitio\/refuerzan-acciones-de-busqueda-de-personas-desaparecidas-en-el-valle-de-mexico\/","title":{"rendered":"Refuerzan acciones de b\u00fasqueda de personas desaparecidas en el Valle de M\u00e9xico"},"content":{"rendered":"\n<p>Ixtapaluca, Estado de M\u00e9xico, 26 de junio de 2025<\/p>\n\n\n\n<p>Como parte del compromiso por garantizar justicia y atenci\u00f3n a familias afectadas por la desaparici\u00f3n de personas, autoridades del municipio de Ixtapaluca encabezaron una jornada regional de b\u00fasqueda en coordinaci\u00f3n con la Polic\u00eda Estatal de G\u00e9nero y las C\u00e9lulas de B\u00fasqueda de ocho municipios del Valle de M\u00e9xico.<\/p>\n\n\n\n<p>La actividad tuvo como objetivo fortalecer las acciones intermunicipales para la localizaci\u00f3n de personas no localizadas y desaparecidas, mediante operativos conjuntos, intercambio de informaci\u00f3n y aplicaci\u00f3n de protocolos homologados. La jornada incluy\u00f3 recorridos estrat\u00e9gicos en zonas identificadas con incidencia, as\u00ed como labores de proximidad con la ciudadan\u00eda para recabar posibles indicios.<\/p>\n\n\n\n<p>Juan Antonio Soberanes, director de Seguridad y Prevenci\u00f3n Ciudadana de Ixtapaluca, subray\u00f3 que la b\u00fasqueda de personas no debe considerarse una tarea aislada: \u201cLa b\u00fasqueda es un acto de esperanza, pero tambi\u00e9n una obligaci\u00f3n institucional. Cada acci\u00f3n representa un compromiso con las familias, con la justicia y con el derecho a saber d\u00f3nde est\u00e1n nuestros seres queridos\u201d.<\/p>\n\n\n\n<p>Durante la jornada, tambi\u00e9n se ofreci\u00f3 acompa\u00f1amiento psicol\u00f3gico y orientaci\u00f3n legal a familiares de personas desaparecidas, como parte del enfoque integral que se promueve en el Estado de M\u00e9xico.<\/p>\n\n\n\n<p>Las autoridades participantes reiteraron la importancia de la colaboraci\u00f3n entre municipios y dependencias estatales para fortalecer las capacidades de respuesta ante este fen\u00f3meno. Asimismo, se hizo un llamado a la ciudadan\u00eda para sumarse a los esfuerzos mediante la denuncia, el cuidado de informaci\u00f3n sensible y el respeto a los procesos de investigaci\u00f3n.<\/p>\n\n\n\n<p>El Gobierno del Estado de M\u00e9xico reafirma que la b\u00fasqueda de personas es una prioridad en su agenda de seguridad, y que se continuar\u00e1 trabajando con empat\u00eda, firmeza y coordinaci\u00f3n para atender esta problem\u00e1tica de manera efectiva y humana.<\/p>\n","protected":false},"excerpt":{"rendered":"<p>Ixtapaluca, Estado de M\u00e9xico, 26 de junio de 2025 Como parte del compromiso por garantizar justicia y atenci\u00f3n a familias afectadas por la desaparici\u00f3n de personas, autoridades del municipio de Ixtapaluca encabezaron una jornada regional de b\u00fasqueda en coordinaci\u00f3n con la Polic\u00eda Estatal de G\u00e9nero y las C\u00e9lulas de B\u00fasqueda de ocho municipios del Valle<a class=\"read-more\" href=\"https:\/\/globalnewsmexico.com\/sitio\/refuerzan-acciones-de-busqueda-de-personas-desaparecidas-en-el-valle-de-mexico\/\">Leer m\u00e1s<\/a><\/p>\n","protected":false},"author":13,"featured_media":69153,"comment_status":"closed","ping_status":"open","sticky":false,"template":"","format":"standard","meta":{"spay_email":"","footnotes":""},"categories":[208],"tags":[211],"jetpack_featured_media_url":"https:\/\/i2.wp.com\/globalnewsmexico.com\/sitio\/wp-content\/uploads\/2025\/06\/GLOBAL-PLANTILLAS-56-1.png?fit=940%2C788&ssl=1","jetpack_sharing_enabled":true,"jetpack_shortlink":"https:\/\/wp.me\/p9yqPL-hZm","jetpack_likes_enabled":true,"_links":{"self":[{"href":"https:\/\/globalnewsmexico.com\/sitio\/wp-json\/wp\/v2\/posts\/69152"}],"collection":[{"href":"https:\/\/globalnewsmexico.com\/sitio\/wp-json\/wp\/v2\/posts"}],"about":[{"href":"https:\/\/globalnewsmexico.com\/sitio\/wp-json\/wp\/v2\/types\/post"}],"author":[{"embeddable":true,"href":"https:\/\/globalnewsmexico.com\/sitio\/wp-json\/wp\/v2\/users\/13"}],"replies":[{"embeddable":true,"href":"https:\/\/globalnewsmexico.com\/sitio\/wp-json\/wp\/v2\/comments?post=69152"}],"version-history":[{"count":0,"href":"https:\/\/globalnewsmexico.com\/sitio\/wp-json\/wp\/v2\/posts\/69152\/revisions"}],"wp:featuredmedia":[{"embeddable":true,"href":"https:\/\/globalnewsmexico.com\/sitio\/wp-json\/wp\/v2\/media\/69153"}],"wp:attachment":[{"href":"https:\/\/globalnewsmexico.com\/sitio\/wp-json\/wp\/v2\/media?parent=69152"}],"wp:term":[{"taxonomy":"category","embeddable":true,"href":"https:\/\/globalnewsmexico.com\/sitio\/wp-json\/wp\/v2\/categories?post=69152"},{"taxonomy":"post_tag","embeddable":true,"href":"https:\/\/globalnewsmexico.com\/sitio\/wp-json\/wp\/v2\/tags?post=69152"}],"curies":[{"name":"wp","href":"https:\/\/api.w.org\/{rel}","templated":true}]}}