{"id":69160,"date":"2025-06-27T12:46:41","date_gmt":"2025-06-27T17:46:41","guid":{"rendered":"https:\/\/globalnewsmexico.com\/sitio\/?p=69160"},"modified":"2025-06-27T12:46:41","modified_gmt":"2025-06-27T17:46:41","slug":"ninez-mexiquense-participa-en-diseno-de-politica-estatal-de-proteccion","status":"publish","type":"post","link":"https:\/\/globalnewsmexico.com\/sitio\/ninez-mexiquense-participa-en-diseno-de-politica-estatal-de-proteccion\/","title":{"rendered":"Ni\u00f1ez mexiquense participa en dise\u00f1o de pol\u00edtica estatal de protecci\u00f3n"},"content":{"rendered":"\n<p>Toluca, Estado de M\u00e9xico<\/p>\n\n\n\n<p>Con el objetivo de construir una pol\u00edtica p\u00fablica verdaderamente incluyente, el Gobierno del Estado de M\u00e9xico, a trav\u00e9s del Sistema de Protecci\u00f3n Integral de Ni\u00f1as, Ni\u00f1os y Adolescentes (SIPINNA Edom\u00e9x), realiz\u00f3 ocho foros regionales donde m\u00e1s de <strong>900 ni\u00f1as, ni\u00f1os y adolescentes<\/strong>, as\u00ed como <strong>100 madres, padres y personas cuidadoras<\/strong>, participaron activamente en el dise\u00f1o del <strong>Programa Estatal de Protecci\u00f3n Integral de Ni\u00f1as, Ni\u00f1os y Adolescentes (PROEPINNA)<\/strong>.<\/p>\n\n\n\n<p>Estos foros, realizados en distintas regiones del estado, abordaron temas fundamentales para garantizar el bienestar de la infancia y adolescencia mexiquense: <strong>seguridad p\u00fablica, acoso escolar, uso seguro de redes sociales, espacios p\u00fablicos amigables, crianza positiva y vida libre de violencias<\/strong>, entre otros.<\/p>\n\n\n\n<p>Una caracter\u00edstica central del proceso fue la inclusi\u00f3n de la diversidad de voces: participaron ni\u00f1as y ni\u00f1os ind\u00edgenas, adolescentes en situaci\u00f3n de vulnerabilidad y <strong>personas menores con discapacidad<\/strong>, asegurando un enfoque de derechos humanos, equidad e inclusi\u00f3n.<\/p>\n\n\n\n<p>Las y los participantes compartieron ideas, preocupaciones y propuestas mediante actividades l\u00fadicas, mesas de di\u00e1logo y ejercicios de expresi\u00f3n creativa, lo que permiti\u00f3 recoger una amplia gama de perspectivas que ahora nutrir\u00e1n la pol\u00edtica estatal en favor de la infancia.<\/p>\n\n\n\n<p>El ejercicio cont\u00f3 con la colaboraci\u00f3n de organizaciones de la sociedad civil como <strong>REDIM (Red por los Derechos de la Infancia en M\u00e9xico)<\/strong> y <strong>Pacto por la Primera Infancia<\/strong>, quienes aportaron experiencia t\u00e9cnica y metodol\u00f3gica para garantizar una consulta transparente, \u00e9tica y enfocada en el inter\u00e9s superior de la ni\u00f1ez.<\/p>\n\n\n\n<p>Con estas acciones, el Gobierno del Estado de M\u00e9xico refrenda su compromiso de poner a la infancia <strong>en el centro de las decisiones p\u00fablicas<\/strong>, fortaleciendo as\u00ed la construcci\u00f3n de una pol\u00edtica social efectiva, participativa y orientada a transformar realidades desde la voz de quienes tradicionalmente han sido excluidos de los procesos de gobernanza.<\/p>\n","protected":false},"excerpt":{"rendered":"<p>Toluca, Estado de M\u00e9xico Con el objetivo de construir una pol\u00edtica p\u00fablica verdaderamente incluyente, el Gobierno del Estado de M\u00e9xico, a trav\u00e9s del Sistema de Protecci\u00f3n Integral de Ni\u00f1as, Ni\u00f1os y Adolescentes (SIPINNA Edom\u00e9x), realiz\u00f3 ocho foros regionales donde m\u00e1s de 900 ni\u00f1as, ni\u00f1os y adolescentes, as\u00ed como 100 madres, padres y personas cuidadoras, participaron<a class=\"read-more\" href=\"https:\/\/globalnewsmexico.com\/sitio\/ninez-mexiquense-participa-en-diseno-de-politica-estatal-de-proteccion\/\">Leer m\u00e1s<\/a><\/p>\n","protected":false},"author":13,"featured_media":69161,"comment_status":"closed","ping_status":"open","sticky":false,"template":"","format":"standard","meta":{"spay_email":"","footnotes":""},"categories":[208],"tags":[211],"jetpack_featured_media_url":"https:\/\/i0.wp.com\/globalnewsmexico.com\/sitio\/wp-content\/uploads\/2025\/06\/GLOBAL-PLANTILLAS-68-1.png?fit=940%2C788&ssl=1","jetpack_sharing_enabled":true,"jetpack_shortlink":"https:\/\/wp.me\/p9yqPL-hZu","jetpack_likes_enabled":true,"_links":{"self":[{"href":"https:\/\/globalnewsmexico.com\/sitio\/wp-json\/wp\/v2\/posts\/69160"}],"collection":[{"href":"https:\/\/globalnewsmexico.com\/sitio\/wp-json\/wp\/v2\/posts"}],"about":[{"href":"https:\/\/globalnewsmexico.com\/sitio\/wp-json\/wp\/v2\/types\/post"}],"author":[{"embeddable":true,"href":"https:\/\/globalnewsmexico.com\/sitio\/wp-json\/wp\/v2\/users\/13"}],"replies":[{"embeddable":true,"href":"https:\/\/globalnewsmexico.com\/sitio\/wp-json\/wp\/v2\/comments?post=69160"}],"version-history":[{"count":0,"href":"https:\/\/globalnewsmexico.com\/sitio\/wp-json\/wp\/v2\/posts\/69160\/revisions"}],"wp:featuredmedia":[{"embeddable":true,"href":"https:\/\/globalnewsmexico.com\/sitio\/wp-json\/wp\/v2\/media\/69161"}],"wp:attachment":[{"href":"https:\/\/globalnewsmexico.com\/sitio\/wp-json\/wp\/v2\/media?parent=69160"}],"wp:term":[{"taxonomy":"category","embeddable":true,"href":"https:\/\/globalnewsmexico.com\/sitio\/wp-json\/wp\/v2\/categories?post=69160"},{"taxonomy":"post_tag","embeddable":true,"href":"https:\/\/globalnewsmexico.com\/sitio\/wp-json\/wp\/v2\/tags?post=69160"}],"curies":[{"name":"wp","href":"https:\/\/api.w.org\/{rel}","templated":true}]}}