{"id":69180,"date":"2025-07-01T16:58:04","date_gmt":"2025-07-01T21:58:04","guid":{"rendered":"https:\/\/globalnewsmexico.com\/sitio\/?p=69180"},"modified":"2025-07-01T16:58:04","modified_gmt":"2025-07-01T21:58:04","slug":"sedui-y-colegio-de-arquitectos-del-sur-refuerzan-capacitacion-y-supervision-de-obras","status":"publish","type":"post","link":"https:\/\/globalnewsmexico.com\/sitio\/sedui-y-colegio-de-arquitectos-del-sur-refuerzan-capacitacion-y-supervision-de-obras\/","title":{"rendered":"Sedui y Colegio de Arquitectos del Sur refuerzan capacitaci\u00f3n y supervisi\u00f3n de obras"},"content":{"rendered":"\n<p><strong>Toluca, Estado de M\u00e9xico<\/strong><\/p>\n\n\n\n<p>La <strong>Secretar\u00eda de Desarrollo Urbano e Infraestructura (Sedui)<\/strong> del Gobierno del Estado de M\u00e9xico firm\u00f3 un <strong>convenio de colaboraci\u00f3n con el Colegio de Arquitectos del Sur del Estado de M\u00e9xico<\/strong>, con el objetivo de fortalecer la profesionalizaci\u00f3n de los Directores Responsables de Obra (DRO) y Corresponsables en la entidad.<\/p>\n\n\n\n<p>Este acuerdo permitir\u00e1 <strong>elevar los est\u00e1ndares t\u00e9cnicos y \u00e9ticos<\/strong> en la planeaci\u00f3n, ejecuci\u00f3n y supervisi\u00f3n de obras tanto p\u00fablicas como privadas, contribuyendo a una mayor seguridad estructural, eficiencia operativa y cumplimiento normativo en los 125 municipios mexiquenses.<\/p>\n\n\n\n<p>Durante la firma, autoridades estatales destacaron que la alianza busca <strong>consolidar una infraestructura urbana con impacto social<\/strong>, enfocada en mejorar la calidad de vida de las y los mexiquenses. Asimismo, subrayaron que la capacitaci\u00f3n continua de los profesionales de la construcci\u00f3n es clave para garantizar procesos m\u00e1s responsables, sostenibles y alineados con los principios de desarrollo urbano ordenado.<\/p>\n\n\n\n<p>La colaboraci\u00f3n tambi\u00e9n contempla <strong>talleres, certificaciones, asesor\u00eda t\u00e9cnica y seguimiento a proyectos estrat\u00e9gicos<\/strong>, en coordinaci\u00f3n con instituciones acad\u00e9micas y organismos especializados, a fin de <strong>fortalecer el desarrollo regional<\/strong> desde una visi\u00f3n incluyente y profesional.<\/p>\n\n\n\n<p>Con acciones como esta, el Gobierno del Estado de M\u00e9xico reafirma su compromiso con una <strong>infraestructura moderna, segura y socialmente \u00fatil<\/strong>, que impulse la transformaci\u00f3n de las ciudades y comunidades de forma equitativa y con perspectiva de futuro.<\/p>\n\n\n\n<p><\/p>\n","protected":false},"excerpt":{"rendered":"<p>Toluca, Estado de M\u00e9xico La Secretar\u00eda de Desarrollo Urbano e Infraestructura (Sedui) del Gobierno del Estado de M\u00e9xico firm\u00f3 un convenio de colaboraci\u00f3n con el Colegio de Arquitectos del Sur del Estado de M\u00e9xico, con el objetivo de fortalecer la profesionalizaci\u00f3n de los Directores Responsables de Obra (DRO) y Corresponsables en la entidad. Este acuerdo<a class=\"read-more\" href=\"https:\/\/globalnewsmexico.com\/sitio\/sedui-y-colegio-de-arquitectos-del-sur-refuerzan-capacitacion-y-supervision-de-obras\/\">Leer m\u00e1s<\/a><\/p>\n","protected":false},"author":13,"featured_media":69181,"comment_status":"closed","ping_status":"open","sticky":false,"template":"","format":"standard","meta":{"spay_email":"","footnotes":""},"categories":[208],"tags":[211],"jetpack_featured_media_url":"https:\/\/i2.wp.com\/globalnewsmexico.com\/sitio\/wp-content\/uploads\/2025\/07\/GLOBAL-PLANTILLAS-2025-07-01T155556.770.png?fit=940%2C788&ssl=1","jetpack_sharing_enabled":true,"jetpack_shortlink":"https:\/\/wp.me\/p9yqPL-hZO","jetpack_likes_enabled":true,"_links":{"self":[{"href":"https:\/\/globalnewsmexico.com\/sitio\/wp-json\/wp\/v2\/posts\/69180"}],"collection":[{"href":"https:\/\/globalnewsmexico.com\/sitio\/wp-json\/wp\/v2\/posts"}],"about":[{"href":"https:\/\/globalnewsmexico.com\/sitio\/wp-json\/wp\/v2\/types\/post"}],"author":[{"embeddable":true,"href":"https:\/\/globalnewsmexico.com\/sitio\/wp-json\/wp\/v2\/users\/13"}],"replies":[{"embeddable":true,"href":"https:\/\/globalnewsmexico.com\/sitio\/wp-json\/wp\/v2\/comments?post=69180"}],"version-history":[{"count":0,"href":"https:\/\/globalnewsmexico.com\/sitio\/wp-json\/wp\/v2\/posts\/69180\/revisions"}],"wp:featuredmedia":[{"embeddable":true,"href":"https:\/\/globalnewsmexico.com\/sitio\/wp-json\/wp\/v2\/media\/69181"}],"wp:attachment":[{"href":"https:\/\/globalnewsmexico.com\/sitio\/wp-json\/wp\/v2\/media?parent=69180"}],"wp:term":[{"taxonomy":"category","embeddable":true,"href":"https:\/\/globalnewsmexico.com\/sitio\/wp-json\/wp\/v2\/categories?post=69180"},{"taxonomy":"post_tag","embeddable":true,"href":"https:\/\/globalnewsmexico.com\/sitio\/wp-json\/wp\/v2\/tags?post=69180"}],"curies":[{"name":"wp","href":"https:\/\/api.w.org\/{rel}","templated":true}]}}