{"id":69214,"date":"2025-07-04T11:07:35","date_gmt":"2025-07-04T16:07:35","guid":{"rendered":"https:\/\/globalnewsmexico.com\/sitio\/?p=69214"},"modified":"2025-07-04T11:07:36","modified_gmt":"2025-07-04T16:07:36","slug":"regresa-la-expo-chorizo-y-mezcal-tolos-unidos-a-toluca-con-gastronomia-emprendimiento-y-musica-en-vivo","status":"publish","type":"post","link":"https:\/\/globalnewsmexico.com\/sitio\/regresa-la-expo-chorizo-y-mezcal-tolos-unidos-a-toluca-con-gastronomia-emprendimiento-y-musica-en-vivo\/","title":{"rendered":"Regresa la Expo Chorizo y Mezcal \u201cTolos Unidos\u201d a Toluca con gastronom\u00eda, emprendimiento y m\u00fasica en vivo"},"content":{"rendered":"\n<p>Toluca, Estado de M\u00e9xico<\/p>\n\n\n\n<p>La capital mexiquense se prepara para recibir la cuarta edici\u00f3n de la Expo Chorizo y Mezcal \u201cTolos Unidos\u201d, un evento que celebra la identidad gastron\u00f3mica y cultural de Toluca y el centro del pa\u00eds. La cita ser\u00e1 los d\u00edas viernes 19 y s\u00e1bado 20 de julio en el Centro Tolz\u00fa, con entrada gratuita de 10:00 a 19:00 horas.<\/p>\n\n\n\n<p>Se prev\u00e9 la asistencia de hasta ocho mil personas por d\u00eda y la participaci\u00f3n de 120 expositores en tres grandes zonas tem\u00e1ticas: gastron\u00f3mica, de emprendimiento y musical. El evento est\u00e1 dise\u00f1ado para toda la familia y contar\u00e1 con medidas de seguridad, servicio m\u00e9dico y estacionamiento para comodidad de los asistentes.<\/p>\n\n\n\n<p>Uno de los atractivos principales ser\u00e1 el concurso \u201cChorizo de Altura\u201d, donde se premiar\u00e1 la creatividad y calidad en la elaboraci\u00f3n de este tradicional embutido. Adem\u00e1s, m\u00e1s de 50 maestros mezcaleros provenientes de Oaxaca, Puebla y distintas regiones del Estado de M\u00e9xico presentar\u00e1n sus mejores etiquetas, promoviendo el consumo local y la diversidad de sabores.<\/p>\n\n\n\n<p>La oferta cultural incluir\u00e1 presentaciones art\u00edsticas, actividades recreativas, m\u00fasica en vivo y espacios para la promoci\u00f3n de marcas emergentes, productos artesanales y proyectos de j\u00f3venes emprendedores. La Expo busca impulsar el turismo, fomentar la econom\u00eda local y consolidarse como un referente de orgullo toluque\u00f1o.<\/p>\n\n\n\n<p>Para m\u00e1s informaci\u00f3n sobre el programa de actividades y expositores, los organizadores invitan a visitar el sitio oficial <a class=\"\" href=\"http:\/\/expochorizo.com\">expochorizo.com<\/a>.<\/p>\n\n\n\n<p>Toluca abre sus puertas al sabor, la tradici\u00f3n y el talento local.<\/p>\n","protected":false},"excerpt":{"rendered":"<p>Toluca, Estado de M\u00e9xico La capital mexiquense se prepara para recibir la cuarta edici\u00f3n de la Expo Chorizo y Mezcal \u201cTolos Unidos\u201d, un evento que celebra la identidad gastron\u00f3mica y cultural de Toluca y el centro del pa\u00eds. La cita ser\u00e1 los d\u00edas viernes 19 y s\u00e1bado 20 de julio en el Centro Tolz\u00fa, con<a class=\"read-more\" href=\"https:\/\/globalnewsmexico.com\/sitio\/regresa-la-expo-chorizo-y-mezcal-tolos-unidos-a-toluca-con-gastronomia-emprendimiento-y-musica-en-vivo\/\">Leer m\u00e1s<\/a><\/p>\n","protected":false},"author":13,"featured_media":69215,"comment_status":"closed","ping_status":"open","sticky":false,"template":"","format":"standard","meta":{"spay_email":"","footnotes":""},"categories":[208],"tags":[236,211,243,209],"jetpack_featured_media_url":"https:\/\/i0.wp.com\/globalnewsmexico.com\/sitio\/wp-content\/uploads\/2025\/07\/GLOBAL-PLANTILLAS-1.png?fit=940%2C788&ssl=1","jetpack_sharing_enabled":true,"jetpack_shortlink":"https:\/\/wp.me\/p9yqPL-i0m","jetpack_likes_enabled":true,"_links":{"self":[{"href":"https:\/\/globalnewsmexico.com\/sitio\/wp-json\/wp\/v2\/posts\/69214"}],"collection":[{"href":"https:\/\/globalnewsmexico.com\/sitio\/wp-json\/wp\/v2\/posts"}],"about":[{"href":"https:\/\/globalnewsmexico.com\/sitio\/wp-json\/wp\/v2\/types\/post"}],"author":[{"embeddable":true,"href":"https:\/\/globalnewsmexico.com\/sitio\/wp-json\/wp\/v2\/users\/13"}],"replies":[{"embeddable":true,"href":"https:\/\/globalnewsmexico.com\/sitio\/wp-json\/wp\/v2\/comments?post=69214"}],"version-history":[{"count":0,"href":"https:\/\/globalnewsmexico.com\/sitio\/wp-json\/wp\/v2\/posts\/69214\/revisions"}],"wp:featuredmedia":[{"embeddable":true,"href":"https:\/\/globalnewsmexico.com\/sitio\/wp-json\/wp\/v2\/media\/69215"}],"wp:attachment":[{"href":"https:\/\/globalnewsmexico.com\/sitio\/wp-json\/wp\/v2\/media?parent=69214"}],"wp:term":[{"taxonomy":"category","embeddable":true,"href":"https:\/\/globalnewsmexico.com\/sitio\/wp-json\/wp\/v2\/categories?post=69214"},{"taxonomy":"post_tag","embeddable":true,"href":"https:\/\/globalnewsmexico.com\/sitio\/wp-json\/wp\/v2\/tags?post=69214"}],"curies":[{"name":"wp","href":"https:\/\/api.w.org\/{rel}","templated":true}]}}