{"id":69225,"date":"2025-07-04T12:39:59","date_gmt":"2025-07-04T17:39:59","guid":{"rendered":"https:\/\/globalnewsmexico.com\/sitio\/?p=69225"},"modified":"2025-07-04T12:40:01","modified_gmt":"2025-07-04T17:40:01","slug":"museo-virreinal-de-zinacantepec-celebra-45-anos-con-jornada-artistica-y-cultural","status":"publish","type":"post","link":"https:\/\/globalnewsmexico.com\/sitio\/museo-virreinal-de-zinacantepec-celebra-45-anos-con-jornada-artistica-y-cultural\/","title":{"rendered":"Museo Virreinal de Zinacantepec celebra 45 a\u00f1os con jornada art\u00edstica y cultural"},"content":{"rendered":"\n<p>Zinacantepec, Estado de M\u00e9xico<\/p>\n\n\n\n<p>Este 5 de julio, el Museo Virreinal de Zinacantepec celebra su 45 aniversario con una jornada art\u00edstica abierta al p\u00fablico en el emblem\u00e1tico exconvento franciscano de San Miguel, donde se encuentra ubicado.<\/p>\n\n\n\n<p>Para conmemorar esta fecha, la Secretar\u00eda de Cultura y Turismo del Estado de M\u00e9xico ha preparado un programa especial que incluye presentaciones de danza, m\u00fasica coral y una muestra textil que resalta la riqueza patrimonial del recinto.<\/p>\n\n\n\n<p>El evento busca acercar a la ciudadan\u00eda al arte y la historia, mediante actividades gratuitas en un espacio que ha sido testigo de siglos de transformaci\u00f3n cultural. El museo es reconocido por su valioso acervo virreinal y su arquitectura hist\u00f3rica, lo que lo convierte en uno de los centros culturales m\u00e1s importantes del Valle de Toluca.<\/p>\n\n\n\n<p>Con este tipo de celebraciones, el Estado de M\u00e9xico reafirma su compromiso con la preservaci\u00f3n de la identidad y el patrimonio cultural de sus comunidades.<\/p>\n","protected":false},"excerpt":{"rendered":"<p>Zinacantepec, Estado de M\u00e9xico Este 5 de julio, el Museo Virreinal de Zinacantepec celebra su 45 aniversario con una jornada art\u00edstica abierta al p\u00fablico en el emblem\u00e1tico exconvento franciscano de San Miguel, donde se encuentra ubicado. Para conmemorar esta fecha, la Secretar\u00eda de Cultura y Turismo del Estado de M\u00e9xico ha preparado un programa especial<a class=\"read-more\" href=\"https:\/\/globalnewsmexico.com\/sitio\/museo-virreinal-de-zinacantepec-celebra-45-anos-con-jornada-artistica-y-cultural\/\">Leer m\u00e1s<\/a><\/p>\n","protected":false},"author":13,"featured_media":69226,"comment_status":"closed","ping_status":"open","sticky":false,"template":"","format":"standard","meta":{"spay_email":"","footnotes":""},"categories":[208],"tags":[240,211,244,245],"jetpack_featured_media_url":"https:\/\/i0.wp.com\/globalnewsmexico.com\/sitio\/wp-content\/uploads\/2025\/07\/GLOBAL-PLANTILLAS-6.png?fit=940%2C788&ssl=1","jetpack_sharing_enabled":true,"jetpack_shortlink":"https:\/\/wp.me\/p9yqPL-i0x","jetpack_likes_enabled":true,"_links":{"self":[{"href":"https:\/\/globalnewsmexico.com\/sitio\/wp-json\/wp\/v2\/posts\/69225"}],"collection":[{"href":"https:\/\/globalnewsmexico.com\/sitio\/wp-json\/wp\/v2\/posts"}],"about":[{"href":"https:\/\/globalnewsmexico.com\/sitio\/wp-json\/wp\/v2\/types\/post"}],"author":[{"embeddable":true,"href":"https:\/\/globalnewsmexico.com\/sitio\/wp-json\/wp\/v2\/users\/13"}],"replies":[{"embeddable":true,"href":"https:\/\/globalnewsmexico.com\/sitio\/wp-json\/wp\/v2\/comments?post=69225"}],"version-history":[{"count":0,"href":"https:\/\/globalnewsmexico.com\/sitio\/wp-json\/wp\/v2\/posts\/69225\/revisions"}],"wp:featuredmedia":[{"embeddable":true,"href":"https:\/\/globalnewsmexico.com\/sitio\/wp-json\/wp\/v2\/media\/69226"}],"wp:attachment":[{"href":"https:\/\/globalnewsmexico.com\/sitio\/wp-json\/wp\/v2\/media?parent=69225"}],"wp:term":[{"taxonomy":"category","embeddable":true,"href":"https:\/\/globalnewsmexico.com\/sitio\/wp-json\/wp\/v2\/categories?post=69225"},{"taxonomy":"post_tag","embeddable":true,"href":"https:\/\/globalnewsmexico.com\/sitio\/wp-json\/wp\/v2\/tags?post=69225"}],"curies":[{"name":"wp","href":"https:\/\/api.w.org\/{rel}","templated":true}]}}