{"id":69227,"date":"2025-07-04T13:03:58","date_gmt":"2025-07-04T18:03:58","guid":{"rendered":"https:\/\/globalnewsmexico.com\/sitio\/?p=69227"},"modified":"2025-07-04T13:03:59","modified_gmt":"2025-07-04T18:03:59","slug":"familiares-protestan-en-caseta-de-san-marcos-huixtoco-para-exigir-busqueda-de-dafne-yaretzi-menor-desaparecida-en-temamatla","status":"publish","type":"post","link":"https:\/\/globalnewsmexico.com\/sitio\/familiares-protestan-en-caseta-de-san-marcos-huixtoco-para-exigir-busqueda-de-dafne-yaretzi-menor-desaparecida-en-temamatla\/","title":{"rendered":"Familiares protestan en caseta de San Marcos Huixtoco para exigir b\u00fasqueda de Dafne Yaretzi, menor desaparecida en Temamatla"},"content":{"rendered":"\n<p>Temamatla, Estado de M\u00e9xico.<\/p>\n\n\n\n<p>Familiares y amigos de Dafne Yaretzi Castillejos Alvarado, de 14 a\u00f1os, realizaron una protesta en la caseta de San Marcos Huixtoco, sobre la autopista M\u00e9xico\u2013Puebla, para exigir su pronta localizaci\u00f3n. La adolescente desapareci\u00f3 el pasado 2 de julio cuando se dirig\u00eda sola a un ensayo de XV a\u00f1os y desde entonces no se tiene informaci\u00f3n sobre su paradero.<\/p>\n\n\n\n<p>Durante la manifestaci\u00f3n, los familiares bloquearon la vialidad por m\u00e1s de una hora, lo que gener\u00f3 afectaciones al tr\u00e1nsito vehicular. Se\u00f1alaron que la joven vive con diabetes y requiere insulina, por lo que su integridad f\u00edsica podr\u00eda estar en riesgo.<\/p>\n\n\n\n<p>Tambi\u00e9n alertaron sobre un posible contacto en l\u00ednea con un adulto de aproximadamente 30 a\u00f1os, quien habr\u00eda entablado comunicaci\u00f3n con Dafne a trav\u00e9s de videojuegos. Por ello, pidieron a la Fiscal\u00eda General de Justicia del Estado de M\u00e9xico que acelere las investigaciones e incluya an\u00e1lisis cibern\u00e9ticos.<\/p>\n\n\n\n<p>La protesta concluy\u00f3 luego de que autoridades estatales se comprometieran a agilizar la b\u00fasqueda y brindar acompa\u00f1amiento permanente a la familia a trav\u00e9s de la Fiscal\u00eda Especializada en Personas Desaparecidas.<\/p>\n","protected":false},"excerpt":{"rendered":"<p>Temamatla, Estado de M\u00e9xico. Familiares y amigos de Dafne Yaretzi Castillejos Alvarado, de 14 a\u00f1os, realizaron una protesta en la caseta de San Marcos Huixtoco, sobre la autopista M\u00e9xico\u2013Puebla, para exigir su pronta localizaci\u00f3n. La adolescente desapareci\u00f3 el pasado 2 de julio cuando se dirig\u00eda sola a un ensayo de XV a\u00f1os y desde entonces<a class=\"read-more\" href=\"https:\/\/globalnewsmexico.com\/sitio\/familiares-protestan-en-caseta-de-san-marcos-huixtoco-para-exigir-busqueda-de-dafne-yaretzi-menor-desaparecida-en-temamatla\/\">Leer m\u00e1s<\/a><\/p>\n","protected":false},"author":13,"featured_media":69228,"comment_status":"closed","ping_status":"open","sticky":false,"template":"","format":"standard","meta":{"spay_email":"","footnotes":""},"categories":[208],"tags":[211],"jetpack_featured_media_url":"https:\/\/i2.wp.com\/globalnewsmexico.com\/sitio\/wp-content\/uploads\/2025\/07\/GLOBAL-PLANTILLAS-7.png?fit=940%2C788&ssl=1","jetpack_sharing_enabled":true,"jetpack_shortlink":"https:\/\/wp.me\/p9yqPL-i0z","jetpack_likes_enabled":true,"_links":{"self":[{"href":"https:\/\/globalnewsmexico.com\/sitio\/wp-json\/wp\/v2\/posts\/69227"}],"collection":[{"href":"https:\/\/globalnewsmexico.com\/sitio\/wp-json\/wp\/v2\/posts"}],"about":[{"href":"https:\/\/globalnewsmexico.com\/sitio\/wp-json\/wp\/v2\/types\/post"}],"author":[{"embeddable":true,"href":"https:\/\/globalnewsmexico.com\/sitio\/wp-json\/wp\/v2\/users\/13"}],"replies":[{"embeddable":true,"href":"https:\/\/globalnewsmexico.com\/sitio\/wp-json\/wp\/v2\/comments?post=69227"}],"version-history":[{"count":0,"href":"https:\/\/globalnewsmexico.com\/sitio\/wp-json\/wp\/v2\/posts\/69227\/revisions"}],"wp:featuredmedia":[{"embeddable":true,"href":"https:\/\/globalnewsmexico.com\/sitio\/wp-json\/wp\/v2\/media\/69228"}],"wp:attachment":[{"href":"https:\/\/globalnewsmexico.com\/sitio\/wp-json\/wp\/v2\/media?parent=69227"}],"wp:term":[{"taxonomy":"category","embeddable":true,"href":"https:\/\/globalnewsmexico.com\/sitio\/wp-json\/wp\/v2\/categories?post=69227"},{"taxonomy":"post_tag","embeddable":true,"href":"https:\/\/globalnewsmexico.com\/sitio\/wp-json\/wp\/v2\/tags?post=69227"}],"curies":[{"name":"wp","href":"https:\/\/api.w.org\/{rel}","templated":true}]}}